{"id":18405,"date":"2011-03-22T13:05:21","date_gmt":"2011-03-22T12:05:21","guid":{"rendered":"http:\/\/df-nyt.dk\/?p=18405"},"modified":"2023-08-31T15:56:36","modified_gmt":"2023-08-31T13:56:36","slug":"efterlon-er-ikke-for-sjov","status":"publish","type":"post","link":"https:\/\/df-nyt.dk\/blog\/efterlon-er-ikke-for-sjov\/","title":{"rendered":"Efterl\u00f8n er ikke for sjov"},"content":{"rendered":"<p><img loading=\"lazy\" decoding=\"async\" class=\"alignleft size-full\" title=\"220320111304\" src=\"https:\/\/df-nyt.dk\/blog\/wp-content\/uploads\/220320111304.png\" alt=\"\" width=\"297\" height=\"179\" \/><\/p>\n<p>Efterl\u00f8n er ikke for sjov<br \/>\nN\u00e5r Metal-medlemmer g\u00e5r p\u00e5 efterl\u00f8n, er det ikke for sjov. Skriver Dansk Metal\u00a0i en pressemeddelse\u00a0&#8211; Og forts\u00e6tter.<\/p>\n<p>Ledighed, d\u00e5rligt helbred og pres fra arbejdsgiverne er hoved\u00e5rsagerne. Det viser en unders\u00f8gelse blandt de Metal-medlemmer, der gik p\u00e5 efterl\u00f8n i 2010.<\/p>\n<p>1.569 Metal-medlemmer valgte i 2010 at g\u00e5 p\u00e5 efterl\u00f8n, men for de fleste var det ikke et frit valg.<\/p>\n<p>Arbejdsl\u00f8shed, pres fra arbejdsgiveren og svigtende helbred er hoved\u00e5rsagerne til, at Metals medlemmer indl\u00f8ser efterl\u00f8nsbeviset.<\/p>\n<p>Det viser Dansk Metals \u00e5rlige efterl\u00f8nsunders\u00f8gelse, som bygger p\u00e5 en sp\u00f8rgeskemaunders\u00f8gelse blandt de medlemmer, der gik p\u00e5 efterl\u00f8n i 2010.<\/p>\n<p>&#8211; Efterl\u00f8n er ikke et frit valg.<br \/>\nMyten om den golfspillende tandl\u00e6ge og den marathon-l\u00f8bende gymnasiel\u00e6rer er meget langt fra virkeligheden.<\/p>\n<p>Det er nedslidte fagl\u00e6rte og ufagl\u00e6rte, der g\u00e5r p\u00e5 efterl\u00f8n \u2013 og meget ofte er det langt fra et frit valg, men derimod noget, man er tvunget til af omst\u00e6ndighederne, siger Torben Poulsen, der er leder af Metals A-kasse.<\/p>\n<p>Han peger p\u00e5, at flere end seks ud af ti metalarbejdere, der gik p\u00e5 efterl\u00f8n i 2010, gjorde det, fordi der ikke l\u00e6ngere var plads til dem p\u00e5 arbejdsmarkedet.<\/p>\n<p>Et markant flertal af Metals efterl\u00f8nsmedlemmer svarer, at \u00e5rsagen til, at de valgte at g\u00e5 p\u00e5 efterl\u00f8n, var enten nedslidning, arbejdsl\u00f8shed eller mangel p\u00e5 seniorpolitik p\u00e5 arbejdspladsen.<\/p>\n<p>Hele 52 pct. svarer, at det var enten svigtende helbred eller arbejdsl\u00f8shed, der var hoved\u00e5rsager til efterl\u00f8n.<\/p>\n<p>Til sammenligning er det kun ca. hver fjerde, der svarer, at lyst til mere fritid og familie var en hoved\u00e5rsag.<\/p>\n<p>&#8211; Tallene viser endnu engang, at der er en stor gruppe danskere, som har brug for efterl\u00f8nnen.<\/p>\n<p>Metal-medlemmer, der g\u00e5r p\u00e5 efterl\u00f8n, er v\u00e6sentligt mere syge end de kolleger, der ikke g\u00e5 p\u00e5 efterl\u00f8n.<\/p>\n<p>Faktisk er de metalmedlemmer, der g\u00e5r p\u00e5 efterl\u00f8n, 50 pct. mere syge i perioden op til efterl\u00f8nstidspunktet end dem, der bliver ved med at arbejde frem til folkepensionsalderen.<\/p>\n<p>Derfor er regeringens planer om at nedl\u00e6gge ordningen ogs\u00e5 helt ude i hampen, siger Torben Poulsen<\/p>\n<p>Metals efterl\u00f8nsunders\u00f8gelse dokumenterer samtidig, at arbejdsgiverne har et stort ansvar for, at medarbejderne g\u00e5r p\u00e5 efterl\u00f8n.<\/p>\n<p>N\u00e6sten 70 pct. af efterl\u00f8nnerne er ikke blevet spurgt, om de vil blive l\u00e6ngere p\u00e5 arbejdspladsen.<\/p>\n<p>Og for 60 pct. af efterl\u00f8nnerne ville det have haft betydning for deres beslutning om at g\u00e5 p\u00e5 efterl\u00f8n, hvis de havde haft bedre mulighed for at g\u00e5 p\u00e5 deltid, ligesom manglende seniorpolitik spiller en stor rolle.<\/p>\n<p>&#8211; Det er forstemmende at h\u00f8re, at arbejdsgiverne og deres organisationer st\u00f8tter nedl\u00e6ggelsen af efterl\u00f8nnen, og at de samtidig slet ikke selv g\u00f8r noget for at holde p\u00e5 seniorerne.<\/p>\n<p>Arbejdsgiverne har et k\u00e6mpe ansvar, men de render fra det.<\/p>\n<p>Det f\u00f8rste, de burde g\u00f8re, var at invitere tillidsrepr\u00e6sentanten til et m\u00f8de om at f\u00e5 lavet en ordentlig seniorpolitik, mener Torben Poulsen. If\u00f8lge en pressemeddelse.<\/p>\n<p><a href=\"http:\/\/danskmetal.dk\/Nyheder%20og%20presse\/Presse\/2011\/Efterloen%20er%20ikke%20for%20sjov.aspx\">L\u00e6s hele notatet om Metals efterl\u00f8nsunders\u00f8gelse 2010 her <\/a><\/p>\n","protected":false},"excerpt":{"rendered":"<p>Efterl\u00f8n er ikke for sjov N\u00e5r Metal-medlemmer g\u00e5r p\u00e5 efterl\u00f8n, er det ikke for sjov. Skriver Dansk Metal\u00a0i en pressemeddelse\u00a0&#8211; Og forts\u00e6tter. Ledighed, d\u00e5rligt helbred og pres fra arbejdsgiverne er hoved\u00e5rsagerne. Det viser en unders\u00f8gelse blandt de Metal-medlemmer, der gik p\u00e5 efterl\u00f8n i 2010. 1.569 Metal-medlemmer valgte i 2010 at g\u00e5 p\u00e5 efterl\u00f8n, men for [&hellip;]<\/p>\n","protected":false},"author":10,"featured_media":0,"comment_status":"open","ping_status":"closed","sticky":false,"template":"","format":"standard","meta":{"footnotes":""},"categories":[1],"tags":[],"class_list":["post-18405","post","type-post","status-publish","format-standard","hentry","category-df-nyt-dk"],"_links":{"self":[{"href":"https:\/\/df-nyt.dk\/blog\/wp-json\/wp\/v2\/posts\/18405","targetHints":{"allow":["GET"]}}],"collection":[{"href":"https:\/\/df-nyt.dk\/blog\/wp-json\/wp\/v2\/posts"}],"about":[{"href":"https:\/\/df-nyt.dk\/blog\/wp-json\/wp\/v2\/types\/post"}],"author":[{"embeddable":true,"href":"https:\/\/df-nyt.dk\/blog\/wp-json\/wp\/v2\/users\/10"}],"replies":[{"embeddable":true,"href":"https:\/\/df-nyt.dk\/blog\/wp-json\/wp\/v2\/comments?post=18405"}],"version-history":[{"count":2,"href":"https:\/\/df-nyt.dk\/blog\/wp-json\/wp\/v2\/posts\/18405\/revisions"}],"predecessor-version":[{"id":101118,"href":"https:\/\/df-nyt.dk\/blog\/wp-json\/wp\/v2\/posts\/18405\/revisions\/101118"}],"wp:attachment":[{"href":"https:\/\/df-nyt.dk\/blog\/wp-json\/wp\/v2\/media?parent=18405"}],"wp:term":[{"taxonomy":"category","embeddable":true,"href":"https:\/\/df-nyt.dk\/blog\/wp-json\/wp\/v2\/categories?post=18405"},{"taxonomy":"post_tag","embeddable":true,"href":"https:\/\/df-nyt.dk\/blog\/wp-json\/wp\/v2\/tags?post=18405"}],"curies":[{"name":"wp","href":"https:\/\/api.w.org\/{rel}","templated":true}]}}