{"id":18421,"date":"2011-03-22T18:50:54","date_gmt":"2011-03-22T17:50:54","guid":{"rendered":"http:\/\/df-nyt.dk\/?p=18421"},"modified":"2017-09-15T18:06:20","modified_gmt":"2017-09-15T16:06:20","slug":"seks-palaestinensere-draebt-og-38-saret-i-israelsk-militaerangreb-pa-gaza-siden-l%c3%b8rdag-aften","status":"publish","type":"post","link":"https:\/\/df-nyt.dk\/blog\/seks-palaestinensere-draebt-og-38-saret-i-israelsk-militaerangreb-pa-gaza-siden-l%c3%b8rdag-aften\/","title":{"rendered":"Seks pal\u00e6stinensere dr\u00e6bt og 38 s\u00e5ret i israelsk milit\u00e6rangreb p\u00e5 Gaza siden l\u00f8rdag aften"},"content":{"rendered":"<p><a href=\"https:\/\/df-nyt.dk\/blog\/wp-content\/uploads\/220320111846.png\"><img loading=\"lazy\" decoding=\"async\" class=\"size-full wp-image-18422 aligncenter\" title=\"220320111846\" src=\"https:\/\/df-nyt.dk\/blog\/wp-content\/uploads\/220320111846.png\" alt=\"\" width=\"259\" height=\"209\" \/><\/a><\/p>\n<p>I den seneste episode blev to voksne og to b\u00f8rn dr\u00e6bt \u00f8st for Gaza By <strong><span style=\"text-decoration: underline;\"><a href=\"http:\/\/df-nyt.dk\/?p=18369\">tirsdag<\/a><\/span><\/strong>, da israelske kampvognsgranater ramte et hus der, siger kilder.<\/p>\n<p>De d\u00f8de er Yasser Hamed al-Helou, 60, der lige var p\u00e5 vej ud af sin have og ud p\u00e5 gaden, hans 15-\u00e5rige barnebarn, en 10-\u00e5rig sl\u00e6gtning, og en 17-\u00e5rig nabo, Mohammed Harrara. <\/p>\n<p>Drengene spillede fodbold, siger \u00f8jenvidner.<\/p>\n<p><a href=\"https:\/\/df-nyt.dk\/blog\/wp-content\/uploads\/230320111837.png\"><img loading=\"lazy\" decoding=\"async\" class=\"aligncenter size-full wp-image-18492\" title=\"230320111837\" src=\"https:\/\/df-nyt.dk\/blog\/wp-content\/uploads\/230320111837.png\" alt=\"\" width=\"280\" height=\"210\" \/><\/a><\/p>\n<p>Otte andre blev s\u00e5ret, tre af dem kritisk.<\/p>\n<p>Skriver <a href=\"http:\/\/edition.cnn.com\/2011\/WORLD\/meast\/03\/22\/gaza.violence\/index.html\"><span style=\"text-decoration: underline;\"><strong><br \/>\nCNN<\/strong><\/span><\/a><\/p>\n<p><a href=\"http:\/\/edition.cnn.com\/2011\/WORLD\/meast\/03\/22\/gaza.violence\/index.html\"><span style=\"text-decoration: underline;\"><strong>Du kan l\u00e6se mere HER<\/strong><\/span><\/a><\/p>\n<p><strong>For yderlig l\u00e6sning.\u00a0<\/strong><\/p>\n<p><a href=\"http:\/\/df-nyt.dk\/?p=18369\"><span style=\"text-decoration: underline;\"><strong>Gaza-striben udsat for kraftigt israelsk angreb <\/strong><\/span><\/a><\/p>\n<p>&nbsp;<br \/>\n<a href=\"http:\/\/df-nyt.dk\/?p=18168\"><span style=\"text-decoration: underline;\"><strong>\u2018Hade-Bloggerer\u2019 folder sig ud p\u00e5 Jyllandsposten og rammer bunden<\/strong><\/span><\/a><\/p>\n<p>&nbsp;<\/p>\n","protected":false},"excerpt":{"rendered":"<p>I den seneste episode blev to voksne og to b\u00f8rn dr\u00e6bt \u00f8st for Gaza By tirsdag, da israelske kampvognsgranater ramte et hus der, siger kilder. De d\u00f8de er Yasser Hamed al-Helou, 60, der lige var p\u00e5 vej ud af sin have og ud p\u00e5 gaden, hans 15-\u00e5rige barnebarn, en 10-\u00e5rig sl\u00e6gtning, og en 17-\u00e5rig nabo, [&hellip;]<\/p>\n","protected":false},"author":10,"featured_media":0,"comment_status":"open","ping_status":"closed","sticky":false,"template":"","format":"standard","meta":{"footnotes":""},"categories":[1],"tags":[],"class_list":["post-18421","post","type-post","status-publish","format-standard","hentry","category-df-nyt-dk"],"_links":{"self":[{"href":"https:\/\/df-nyt.dk\/blog\/wp-json\/wp\/v2\/posts\/18421","targetHints":{"allow":["GET"]}}],"collection":[{"href":"https:\/\/df-nyt.dk\/blog\/wp-json\/wp\/v2\/posts"}],"about":[{"href":"https:\/\/df-nyt.dk\/blog\/wp-json\/wp\/v2\/types\/post"}],"author":[{"embeddable":true,"href":"https:\/\/df-nyt.dk\/blog\/wp-json\/wp\/v2\/users\/10"}],"replies":[{"embeddable":true,"href":"https:\/\/df-nyt.dk\/blog\/wp-json\/wp\/v2\/comments?post=18421"}],"version-history":[{"count":0,"href":"https:\/\/df-nyt.dk\/blog\/wp-json\/wp\/v2\/posts\/18421\/revisions"}],"wp:attachment":[{"href":"https:\/\/df-nyt.dk\/blog\/wp-json\/wp\/v2\/media?parent=18421"}],"wp:term":[{"taxonomy":"category","embeddable":true,"href":"https:\/\/df-nyt.dk\/blog\/wp-json\/wp\/v2\/categories?post=18421"},{"taxonomy":"post_tag","embeddable":true,"href":"https:\/\/df-nyt.dk\/blog\/wp-json\/wp\/v2\/tags?post=18421"}],"curies":[{"name":"wp","href":"https:\/\/api.w.org\/{rel}","templated":true}]}}