{"id":18431,"date":"2011-03-22T22:20:21","date_gmt":"2011-03-22T21:20:21","guid":{"rendered":"http:\/\/df-nyt.dk\/?p=18431"},"modified":"2024-11-01T19:50:28","modified_gmt":"2024-11-01T18:50:28","slug":"nu-skal-danmark-uniformeres","status":"publish","type":"post","link":"https:\/\/df-nyt.dk\/blog\/nu-skal-danmark-uniformeres\/","title":{"rendered":"Nu skal Danmark uniformeres"},"content":{"rendered":"<p><img loading=\"lazy\" decoding=\"async\" class=\"alignnone size-full \" src=\"https:\/\/df-nyt.dk\/wp-content\/uploads\/220320112203.png\" alt=\"\" width=\"296\" height=\"76\" \/><\/p>\n<p>Landets taxachauff\u00f8rer skal op i gear, i hvert fald hvad ang\u00e5r deres arbejdsp\u00e5kl\u00e6dning.<br \/>\nDet mener transportminister Hans Christian Schmidt (V), der nu vil, fasts\u00e6tte krav til bekl\u00e6dning af f\u00f8rere af taxier.<\/p>\n<p>Det fremg\u00e5r af et nyt lovforslag, som snart vil blive sendt i h\u00f8ring. Skriver NetAvisen Berlinske tidende<\/p>\n<p>Naturligvis v\u00e6kker det, helt vild begejstret hos, at Danmarks liberale parti &#8211;<br \/>\nVenstre, vil nu ogs\u00e5 lovgive om Taxa-chauff\u00f8rernes p\u00e5kl\u00e6dning.<\/p>\n<p>Lad os endelig f\u00e5 mere af den slags &#8211;<br \/>\nVelkommen til Hyacinths verden.<\/p>\n<p><img loading=\"lazy\" decoding=\"async\" class=\"alignleft size-thumbnail \" src=\"https:\/\/df-nyt.dk\/wp-content\/uploads\/2011\/03\/220320112207.png\" alt=\"\" width=\"150\" height=\"116\" \/><\/p>\n<p>Forh\u00e5bentlig bliver uniformen med r\u00f8d jakke og tilh\u00f8rende hvide handsker,<br \/>\ns\u00e5 den matcher de danske nationale farver.<\/p>\n<p>Ihhh hvor vi gl\u00e6der os til, at forslagene begynder at str\u00f8mmer ind.<br \/>\nJeg kunne naturligvis ikke dr\u00f8mme om at foresl\u00e5,<br \/>\nat uniformen skulle v\u00e6re identisk med en burka.<\/p>\n<p>Uhhh -Det bliver godt -det her<\/p>\n<p>Forestil dig avisoverskrifter som:<br \/>\n-Taxa-chauff\u00f8r anholdt for at b\u00e6re ulovlig uniform<br \/>\neller -Taxa-chauff\u00f8r id\u00f8mt tre m\u00e5neders f\u00e6ngsel for overtr\u00e6delser af\u00a0bekl\u00e6dnings-loven.<\/p>\n<p>Men -s\u00e5 mangler vi vel bare en lov om, at man ikke kan f\u00e5 dagpenge m.v.<br \/>\n&#8211; hvis man ikke har valgt det rigtige nationale outfit.<\/p>\n<p>Reference<br \/>\n\/\/NetAvisen, Berlinske tidende<br \/>\n\/\/NetAvisen, B.T. \/\/b.dk \/politiko\/minister-vil-bestemme-taxachauffoerers-toej<\/p>\n<p>For yderlig l\u00e6sning<\/p>\n<p><a href=\"https:\/\/df-nyt.dk\/jobcenter-cikanen-fortsaetter\/\" target=\"_blank\" rel=\"noopener noreferrer\"><span style=\"text-decoration: underline;\">Jobcenter-chikanen forts\u00e6tter<\/span><\/a><\/p>\n<p><a href=\"https:\/\/df-nyt.dk\/?p=11318\" target=\"_blank\" rel=\"noopener noreferrer\"><span style=\"text-decoration: underline;\">Formand i Dansk Folkeparti til debatm\u00f8de if\u00f8rt uniform, camouflaget\u00f8j og store milit\u00e6rst\u00f8vler<\/span><\/a><\/p>\n","protected":false},"excerpt":{"rendered":"<p>Landets taxachauff\u00f8rer skal op i gear, i hvert fald hvad ang\u00e5r deres arbejdsp\u00e5kl\u00e6dning. Det mener transportminister Hans Christian Schmidt (V), der nu vil, fasts\u00e6tte krav til bekl\u00e6dning af f\u00f8rere af taxier. Det fremg\u00e5r af et nyt lovforslag, som snart vil blive sendt i h\u00f8ring. Skriver NetAvisen Berlinske tidende Naturligvis v\u00e6kker det, helt vild begejstret hos, [&hellip;]<\/p>\n","protected":false},"author":10,"featured_media":0,"comment_status":"open","ping_status":"closed","sticky":false,"template":"","format":"standard","meta":{"footnotes":""},"categories":[1],"tags":[],"class_list":["post-18431","post","type-post","status-publish","format-standard","hentry","category-df-nyt-dk"],"_links":{"self":[{"href":"https:\/\/df-nyt.dk\/blog\/wp-json\/wp\/v2\/posts\/18431","targetHints":{"allow":["GET"]}}],"collection":[{"href":"https:\/\/df-nyt.dk\/blog\/wp-json\/wp\/v2\/posts"}],"about":[{"href":"https:\/\/df-nyt.dk\/blog\/wp-json\/wp\/v2\/types\/post"}],"author":[{"embeddable":true,"href":"https:\/\/df-nyt.dk\/blog\/wp-json\/wp\/v2\/users\/10"}],"replies":[{"embeddable":true,"href":"https:\/\/df-nyt.dk\/blog\/wp-json\/wp\/v2\/comments?post=18431"}],"version-history":[{"count":8,"href":"https:\/\/df-nyt.dk\/blog\/wp-json\/wp\/v2\/posts\/18431\/revisions"}],"predecessor-version":[{"id":106353,"href":"https:\/\/df-nyt.dk\/blog\/wp-json\/wp\/v2\/posts\/18431\/revisions\/106353"}],"wp:attachment":[{"href":"https:\/\/df-nyt.dk\/blog\/wp-json\/wp\/v2\/media?parent=18431"}],"wp:term":[{"taxonomy":"category","embeddable":true,"href":"https:\/\/df-nyt.dk\/blog\/wp-json\/wp\/v2\/categories?post=18431"},{"taxonomy":"post_tag","embeddable":true,"href":"https:\/\/df-nyt.dk\/blog\/wp-json\/wp\/v2\/tags?post=18431"}],"curies":[{"name":"wp","href":"https:\/\/api.w.org\/{rel}","templated":true}]}}