{"id":18470,"date":"2011-03-23T14:10:38","date_gmt":"2011-03-23T13:10:38","guid":{"rendered":"http:\/\/df-nyt.dk\/?p=18470"},"modified":"2025-12-28T13:30:43","modified_gmt":"2025-12-28T12:30:43","slug":"en-tikkende-bombe-under-hele-det-danske-velfaerdssystem","status":"publish","type":"post","link":"https:\/\/df-nyt.dk\/blog\/en-tikkende-bombe-under-hele-det-danske-velfaerdssystem\/","title":{"rendered":"En tikkende bombe under det Danske velf\u00e6rdssystem"},"content":{"rendered":"<p>En tikkende bombe under det Danske velf\u00e6rdssystem<br \/>\nEn indvandringsb\u00f8lge af velf\u00e6rdshungrende EU-borgere eller af<br \/>\nnogen som har v\u00e6ret brugt som popul\u00e6re hade-objekter.<\/p>\n<p>Vi har h\u00f8rt det igen og igen, -ikke mindst fra Dansk Folkeparti.<\/p>\n<p><iframe loading=\"lazy\" src=\"\/\/youtube.com\/embed\/brkDDtDVGOo\" width=\"400\" height=\"225\" frameborder=\"0\" allowfullscreen=\"allowfullscreen\"><\/iframe><\/p>\n<p>De kommer tilrejsende i store horder med Mulla Abdulla eller Djengis Khan som leder.<\/p>\n<p><img loading=\"lazy\" decoding=\"async\" class=\"size-medium alignnone\" src=\"https:\/\/df-nyt.dk\/wp-content\/uploads\/230320111348.png\" alt=\"\" width=\"400\" height=\"170\" \/><\/p>\n<p>Og hvor dum kan man egentlig v\u00e6re, p\u00e5 en god dag?<\/p>\n<p>En tilf\u00e6ldig dag p\u00e5 str\u00f8get i K\u00f8benhavn, kan man se velf\u00e6rden, eller vel n\u00e6rmere manglen p\u00e5<br \/>\n-og et resultat af r\u00f8dvins-reformer og skattelettelserne til landets velhavere.<\/p>\n<p><img loading=\"lazy\" decoding=\"async\" class=\" alignnone\" src=\"https:\/\/df-nyt.dk\/wp-content\/uploads\/230320111401.png\" alt=\"\" width=\"301\" height=\"230\" \/><\/p>\n<p>For yderlig l\u00e6sning<\/p>\n<p><a href=\"https:\/\/df-nyt.dk\/?p=16343\/\" target=\"_blank\" rel=\"noopener noreferrer\"><span style=\"text-decoration: underline;\">Julekort fra Tina Petersen Dansk Folkeparti<\/span><\/a><\/p>\n","protected":false},"excerpt":{"rendered":"<p>En tikkende bombe under det Danske velf\u00e6rdssystem En indvandringsb\u00f8lge af velf\u00e6rdshungrende EU-borgere eller af nogen som har v\u00e6ret brugt som popul\u00e6re hade-objekter. Vi har h\u00f8rt det igen og igen, -ikke mindst fra Dansk Folkeparti. De kommer tilrejsende i store horder med Mulla Abdulla eller Djengis Khan som leder. Og hvor dum kan man egentlig v\u00e6re, [&hellip;]<\/p>\n","protected":false},"author":10,"featured_media":0,"comment_status":"open","ping_status":"closed","sticky":false,"template":"","format":"standard","meta":{"footnotes":""},"categories":[1],"tags":[],"class_list":["post-18470","post","type-post","status-publish","format-standard","hentry","category-df-nyt-dk"],"_links":{"self":[{"href":"https:\/\/df-nyt.dk\/blog\/wp-json\/wp\/v2\/posts\/18470","targetHints":{"allow":["GET"]}}],"collection":[{"href":"https:\/\/df-nyt.dk\/blog\/wp-json\/wp\/v2\/posts"}],"about":[{"href":"https:\/\/df-nyt.dk\/blog\/wp-json\/wp\/v2\/types\/post"}],"author":[{"embeddable":true,"href":"https:\/\/df-nyt.dk\/blog\/wp-json\/wp\/v2\/users\/10"}],"replies":[{"embeddable":true,"href":"https:\/\/df-nyt.dk\/blog\/wp-json\/wp\/v2\/comments?post=18470"}],"version-history":[{"count":2,"href":"https:\/\/df-nyt.dk\/blog\/wp-json\/wp\/v2\/posts\/18470\/revisions"}],"predecessor-version":[{"id":110515,"href":"https:\/\/df-nyt.dk\/blog\/wp-json\/wp\/v2\/posts\/18470\/revisions\/110515"}],"wp:attachment":[{"href":"https:\/\/df-nyt.dk\/blog\/wp-json\/wp\/v2\/media?parent=18470"}],"wp:term":[{"taxonomy":"category","embeddable":true,"href":"https:\/\/df-nyt.dk\/blog\/wp-json\/wp\/v2\/categories?post=18470"},{"taxonomy":"post_tag","embeddable":true,"href":"https:\/\/df-nyt.dk\/blog\/wp-json\/wp\/v2\/tags?post=18470"}],"curies":[{"name":"wp","href":"https:\/\/api.w.org\/{rel}","templated":true}]}}