{"id":18489,"date":"2011-03-23T17:18:22","date_gmt":"2011-03-23T16:18:22","guid":{"rendered":"http:\/\/df-nyt.dk\/?p=18489"},"modified":"2026-01-06T06:46:56","modified_gmt":"2026-01-06T05:46:56","slug":"demokratihjaelp-til-nordafrika-og-mellem%c3%b8sten","status":"publish","type":"post","link":"https:\/\/df-nyt.dk\/blog\/demokratihjaelp-til-nordafrika-og-mellem%c3%b8sten\/","title":{"rendered":"Demokratihj\u00e6lp til Nordafrika og Mellem\u00f8sten"},"content":{"rendered":"<p><img loading=\"lazy\" decoding=\"async\" class=\" size-full alignleft\" title=\"070920101305\" src=\"https:\/\/df-nyt.dk\/blog\/wp-content\/uploads\/070920101305.png\" alt=\"\" width=\"136\" height=\"155\" \/><\/p>\n<p>Der er opbrud i flere regimer i Nordafrika og Mellem\u00f8sten, hvor reformvenlige kr\u00e6fter k\u00e6mper for demokrati, menneskerettigheder og politiske reformer.<\/p>\n<p>Folketinget har netop vedtaget et forslag fra Radikale Venstre, der betyder, at Danmark st\u00e6rkt skal bist\u00e5 reformkr\u00e6fterne i de spirende demokratier.<\/p>\n<p>&#8220;Vi er i Radikale Venstre klar til at hj\u00e6lpe de spirende demokratier med projekter, der kan underst\u00f8tte landenes kamp for demokrati og menneskerettigheder.<\/p>\n<p>Vi vil yde en st\u00e6rk og effektiv st\u00f8tte til reformbev\u00e6gelserne,&#8221; siger Niels Helveg Petersen, Radikale Venstres udenrigsordf\u00f8rer.<\/p>\n<p>Konkret foresl\u00e5r Radikale Venstre, at der gives yderligere 20 mio. til demokratiarbejdet &#8211; tidligere kendt som &#8220;Det Arabiske Initiativ&#8221;.<\/p>\n<p>Under onsdagens hasteforesp\u00f8rgsel st\u00f8ttede alle Folketingets partier tanken om en \u00f8get indsats.<\/p>\n<p>&#8220;Det er gl\u00e6deligt, at alle partier kan se fornuften i, at vi fra dansk side kan formidle viden om, hvordan demokrati og menneskerettigheder rodf\u00e6ster sig.<\/p>\n<p>Det skal naturligvis v\u00e6re p\u00e5 landenes egne betingelser, men det er essentielt, at vi efter de parlamentariske forandringer st\u00e5r klar med den hj\u00e6lp, landene har brug for,&#8221; siger Niels Helveg Petersen.<\/p>\n<p>Danmark har tidligere bist\u00e5et lignende initiativer, da de central- og \u00f8steurop\u00e6iske lande eft er murens fald opbyggede deres demokratier.<\/p>\n<p>St\u00f8tten af denne art blev givet gennem Demokratifonden, der var en stor succes, og det er n\u00e6rliggende at bygge videre p\u00e5 ideerne fra dengang. Skriver de Radikale i en pressemeddelse.<\/p>\n<p>Du kan l\u00e6se flere nyheder <a href=\"http:\/\/www.radikale.dk\/\">HER <\/a><\/p>\n<p>L\u00e6s ogs\u00e5:<\/p>\n<p><a href=\"http:\/\/df-nyt.dk\/?p=17288\"><span style=\"text-decoration: underline;\">Flere midler til n\u00f8dhj\u00e6lpsarbejdet til Nordafrikas spirende demokratier <\/span><\/a><\/p>\n<p>*********<\/p>\n<p>&nbsp;<\/p>\n","protected":false},"excerpt":{"rendered":"<p>Der er opbrud i flere regimer i Nordafrika og Mellem\u00f8sten, hvor reformvenlige kr\u00e6fter k\u00e6mper for demokrati, menneskerettigheder og politiske reformer. Folketinget har netop vedtaget et forslag fra Radikale Venstre, der betyder, at Danmark st\u00e6rkt skal bist\u00e5 reformkr\u00e6fterne i de spirende demokratier. &#8220;Vi er i Radikale Venstre klar til at hj\u00e6lpe de spirende demokratier med projekter, [&hellip;]<\/p>\n","protected":false},"author":10,"featured_media":0,"comment_status":"open","ping_status":"closed","sticky":false,"template":"","format":"standard","meta":{"footnotes":""},"categories":[1],"tags":[],"class_list":["post-18489","post","type-post","status-publish","format-standard","hentry","category-df-nyt-dk"],"_links":{"self":[{"href":"https:\/\/df-nyt.dk\/blog\/wp-json\/wp\/v2\/posts\/18489","targetHints":{"allow":["GET"]}}],"collection":[{"href":"https:\/\/df-nyt.dk\/blog\/wp-json\/wp\/v2\/posts"}],"about":[{"href":"https:\/\/df-nyt.dk\/blog\/wp-json\/wp\/v2\/types\/post"}],"author":[{"embeddable":true,"href":"https:\/\/df-nyt.dk\/blog\/wp-json\/wp\/v2\/users\/10"}],"replies":[{"embeddable":true,"href":"https:\/\/df-nyt.dk\/blog\/wp-json\/wp\/v2\/comments?post=18489"}],"version-history":[{"count":4,"href":"https:\/\/df-nyt.dk\/blog\/wp-json\/wp\/v2\/posts\/18489\/revisions"}],"predecessor-version":[{"id":110882,"href":"https:\/\/df-nyt.dk\/blog\/wp-json\/wp\/v2\/posts\/18489\/revisions\/110882"}],"wp:attachment":[{"href":"https:\/\/df-nyt.dk\/blog\/wp-json\/wp\/v2\/media?parent=18489"}],"wp:term":[{"taxonomy":"category","embeddable":true,"href":"https:\/\/df-nyt.dk\/blog\/wp-json\/wp\/v2\/categories?post=18489"},{"taxonomy":"post_tag","embeddable":true,"href":"https:\/\/df-nyt.dk\/blog\/wp-json\/wp\/v2\/tags?post=18489"}],"curies":[{"name":"wp","href":"https:\/\/api.w.org\/{rel}","templated":true}]}}