{"id":18498,"date":"2011-03-23T21:10:09","date_gmt":"2011-03-23T20:10:09","guid":{"rendered":"http:\/\/df-nyt.dk\/?p=18498"},"modified":"2017-09-06T13:57:52","modified_gmt":"2017-09-06T11:57:52","slug":"send-danske-f-16-fly-til-gaza-og-opret-en-fn-no-fly-zone","status":"publish","type":"post","link":"https:\/\/df-nyt.dk\/blog\/send-danske-f-16-fly-til-gaza-og-opret-en-fn-no-fly-zone\/","title":{"rendered":"Send danske F-16 fly til Gaza og opret en FN no fly-zone"},"content":{"rendered":"<p><a href=\"https:\/\/df-nyt.dk\/blog\/wp-content\/uploads\/230320112102.png\"><img loading=\"lazy\" decoding=\"async\" class=\"alignleft size-full wp-image-18499\" title=\"230320112102\" src=\"https:\/\/df-nyt.dk\/blog\/wp-content\/uploads\/230320112102.png\" alt=\"\" width=\"240\" height=\"171\" \/><\/a><\/p>\n<p>Hvis FN, Danmark og selv den arabiske Liga kan n\u00e5 til enighed om at yde st\u00f8tte til Libyens civilbefolkning, som i disse timer k\u00e6mper med livet som indsats mod Gadaffis brutale regime, s\u00e5 burde samme enighed om at stille sig p\u00e5 Gazas civilbefolknings side v\u00e6re n\u00e6ste naturlige skridt for den nye humanit\u00e6re krigskoalition.<\/p>\n<p>Skriver Margrethe S. Hansen p\u00e5 <span style=\"text-decoration: underline;\"><strong><a href=\"http:\/\/p77.dk\/blogs\/shansen\/467-send-danske-f-16-fly-til-gaza-og-opret-en-fn-no-fly-zone\" target=\"_blank\" rel=\"noopener\">NetAvisen P77 <\/a><\/strong><\/span> &#8211; Og\u00a0forts\u00e6tter<\/p>\n<p><strong>Gaza har en af verdens yngste befolkninger og er et af de omr\u00e5der i verdenen, hvor flest mennesker lever p\u00e5 mindst plads.<\/strong><\/p>\n<p>Gazas civilbefolkning uds\u00e6ttes systematisk for drab, forf\u00f8lgelse og diskrimination af den Israelske bes\u00e6ttelsesmagt, som overv\u00e5ger Gaza med sine milit\u00e6rstyrker og har kontrol over alle Gazas livsn\u00f8dvendige resurser s\u00e5som vand, mad, medicin og elektricitet.<\/p>\n<p>Set i lyset af flere \u00e5rtier med Israels systematiske tilsides\u00e6ttelse af FN-resolutioner, menneskerettigheder og krigens love i Gaza og andre af de pal\u00e6stinensiske omr\u00e5der, er det s\u00e5 ikke p\u00e5 tide at verdenssamfundet her og nu enes om at s\u00e6tte en stopper for drab og overgreb p\u00e5 civile i Gaza?<\/p>\n<p>Hvis vi kan st\u00f8tte Libyens civile i deres kamp mod tyrani og folkedrab, s\u00e5 kan og burde vi ogs\u00e5 st\u00e5 sammen og f\u00e5 stoppet overgreb og drab p\u00e5 Gazas civilbefolkning.<\/p>\n<p>Den Israelske ministers udmelding her i dag om at en ny krig truer Gazas civilbefolkning, er i sig selv absurd da krigen mod Gazas civilbefolkning har st\u00e5et p\u00e5 i \u00e5revis, kun afbrudt af korte hvilepauser n\u00e5r verdenssamfundet af Israels h\u00f8jreregering skulle sm\u00f8res til loyalitet med Israel og dens agressive bos\u00e6tterpolitik.<\/p>\n<p>Og desv\u00e6rre er volden og ekstremismen p\u00e5 begge sider steget voldsomt.<\/p>\n<p>Israels jernring om Gaza i form af en kilometerlang &#8220;forsvarsmur&#8221; har ikke l\u00f8st civile israelsers behov for tryghed og sikkerhed.<\/p>\n<p>Tv\u00e6rtimod har muren kun kastet flere desperate civile pal\u00e6stinensere ind i armene p\u00e5 militante modstandsbev\u00e6gelser i Gaza og resten af de besatte omr\u00e5der.<\/p>\n<p>I denne voldsspiral er der ekstremister og religi\u00f8se fanatikere p\u00e5 begge sider, som har f\u00e5et lov til at s\u00e6tte dagsordenen, ofte med tragiske f\u00f8lger for begge civilbefolkninger.<\/p>\n<p><a href=\"https:\/\/df-nyt.dk\/blog\/wp-content\/uploads\/230320111837.png\"><img loading=\"lazy\" decoding=\"async\" class=\"alignleft size-full wp-image-18492\" title=\"230320111837\" src=\"https:\/\/df-nyt.dk\/blog\/wp-content\/uploads\/230320111837.png\" alt=\"\" width=\"280\" height=\"210\" \/><\/a><\/p>\n<p>&nbsp;<\/p>\n<p>Den nye krigstrussel kommer kun to dage efter israelsk bomberegn og ubemandede droner over Gaza har dr\u00e6bt ni civile og smadret private huse, og s\u00e5gar ramt et apotek og et bageri.<\/p>\n<p>At det er civile, der er blevet dr\u00e6bt og civile m\u00e5l der er ramt, l\u00e6gger Israel hellere ikke skjul p\u00e5 &#8211; denne gang.<\/p>\n<p>Som ofte f\u00f8r lyder der fra den israelske regerings side at tabet af civile liv er beklageligt, i samme mundfuld understreges dog at intet vil blive \u00e6ndret i forhold til den m\u00e5de Israel geb\u00e6rder sig i de pal\u00e6stinensiske omr\u00e5der.<\/p>\n<p>Og som ofte efter Israelske soldaters drab p\u00e5 civile ser man militante pal\u00e6stinensere g\u00f8re geng\u00e6ld med primitive raketter mod m\u00e5l i Israel eller selvmordsaktioner inde i Israel.<\/p>\n<p>Og igen er der civile ofre p\u00e5 begge sider.<\/p>\n<p>Israel siger at de er n\u00f8dt til at forsvare sig selv.<\/p>\n<p>Javel, men g\u00e6lder det ikke ogs\u00e5 for pal\u00e6stinenserne?<\/p>\n<p><strong>Skriver Margrethe S. Hansen p\u00e5 NetAvisen P77 &#8211; <\/strong><\/p>\n<p><strong>Du kan l\u00e6se mere <\/strong><a href=\"http:\/\/p77.dk\/blogs\/shansen\/467-send-danske-f-16-fly-til-gaza-og-opret-en-fn-no-fly-zone\" target=\"_blank\" rel=\"noopener\"><strong><span style=\"text-decoration: underline;\">HER <\/span><\/strong><\/a><\/p>\n<p><strong>L\u00e6s ogs\u00e5:<\/strong><\/p>\n<p><a href=\"http:\/\/df-nyt.dk\/?p=18421\" target=\"_blank\" rel=\"noopener\"><span style=\"text-decoration: underline;\"><strong>Seks pal\u00e6stinensere dr\u00e6bt og 38 s\u00e5ret i israelsk milit\u00e6rangreb p\u00e5 Gaza siden l\u00f8rdag aften <\/strong><\/span><\/a><\/p>\n<p>&nbsp;<br \/>\n<a href=\"http:\/\/df-nyt.dk\/?p=18369\" target=\"_blank\" rel=\"noopener\"><span style=\"text-decoration: underline;\"><strong>Gaza-striben udsat for kraftigt israelsk angreb <\/strong><\/span><\/a><\/p>\n<p><strong>**************************<\/strong><\/p>\n","protected":false},"excerpt":{"rendered":"<p>Hvis FN, Danmark og selv den arabiske Liga kan n\u00e5 til enighed om at yde st\u00f8tte til Libyens civilbefolkning, som i disse timer k\u00e6mper med livet som indsats mod Gadaffis brutale regime, s\u00e5 burde samme enighed om at stille sig p\u00e5 Gazas civilbefolknings side v\u00e6re n\u00e6ste naturlige skridt for den nye humanit\u00e6re krigskoalition. Skriver Margrethe [&hellip;]<\/p>\n","protected":false},"author":10,"featured_media":0,"comment_status":"open","ping_status":"closed","sticky":false,"template":"","format":"standard","meta":{"footnotes":""},"categories":[1],"tags":[],"class_list":["post-18498","post","type-post","status-publish","format-standard","hentry","category-df-nyt-dk"],"_links":{"self":[{"href":"https:\/\/df-nyt.dk\/blog\/wp-json\/wp\/v2\/posts\/18498","targetHints":{"allow":["GET"]}}],"collection":[{"href":"https:\/\/df-nyt.dk\/blog\/wp-json\/wp\/v2\/posts"}],"about":[{"href":"https:\/\/df-nyt.dk\/blog\/wp-json\/wp\/v2\/types\/post"}],"author":[{"embeddable":true,"href":"https:\/\/df-nyt.dk\/blog\/wp-json\/wp\/v2\/users\/10"}],"replies":[{"embeddable":true,"href":"https:\/\/df-nyt.dk\/blog\/wp-json\/wp\/v2\/comments?post=18498"}],"version-history":[{"count":0,"href":"https:\/\/df-nyt.dk\/blog\/wp-json\/wp\/v2\/posts\/18498\/revisions"}],"wp:attachment":[{"href":"https:\/\/df-nyt.dk\/blog\/wp-json\/wp\/v2\/media?parent=18498"}],"wp:term":[{"taxonomy":"category","embeddable":true,"href":"https:\/\/df-nyt.dk\/blog\/wp-json\/wp\/v2\/categories?post=18498"},{"taxonomy":"post_tag","embeddable":true,"href":"https:\/\/df-nyt.dk\/blog\/wp-json\/wp\/v2\/tags?post=18498"}],"curies":[{"name":"wp","href":"https:\/\/api.w.org\/{rel}","templated":true}]}}