{"id":18517,"date":"2011-03-23T23:49:14","date_gmt":"2011-03-23T22:49:14","guid":{"rendered":"http:\/\/df-nyt.dk\/?p=18517"},"modified":"2025-12-31T11:54:49","modified_gmt":"2025-12-31T10:54:49","slug":"undertrykkelsen-i-danmark-rammer-ogsa-dig","status":"publish","type":"post","link":"https:\/\/df-nyt.dk\/blog\/undertrykkelsen-i-danmark-rammer-ogsa-dig\/","title":{"rendered":"Undertrykkelsen i Danmark rammer ogs\u00e5 DIG"},"content":{"rendered":"<p><a href=\"https:\/\/df-nyt.dk\/blog\/wp-content\/uploads\/230320112346.png\"><img loading=\"lazy\" decoding=\"async\" class=\"alignleft size-full wp-image-18518\" title=\"230320112346\" src=\"https:\/\/df-nyt.dk\/blog\/wp-content\/uploads\/230320112346.png\" alt=\"\" width=\"362\" height=\"170\" \/><\/a><\/p>\n<p><strong>Undertrykkelsen i Danmark rammer ogs\u00e5 DIG<\/strong><br \/>\nDu synes m\u00e5ske, du har det godt her i Danmark; at du lever i et frit samfund, hvor alle kan f\u00e5 lov at g\u00f8re som de vil, hvis bare de overholder loven og lader andre v\u00e6re i fred.<\/p>\n<p>M\u00e5ske har du h\u00f8rt om, at Danmark er et land, hvor uskyldige mennesker kan sidde f\u00e6ngslede i m\u00e5nedsvis, helt uden at de er mist\u00e6nkt for at have gjort noget som helst galt, og uden hensyn til, om de er gravide eller ofre for vold eller voldt\u00e6gt.<\/p>\n<p>Men du er jo ikke hverken asyls\u00f8ger eller fremmed, og s\u00e5 g\u00e6lder det ikke.<\/p>\n<p>Eller g\u00f8r det?<\/p>\n<p>P\u00e5 Adventures and Japes unders\u00f8ger den britiske skolel\u00e6rer TackiestOnes, hvor sikker du egentlig kan v\u00e6re p\u00e5, at den slags ikke rammer netop dig.<\/p>\n<p>Hun begynder med at citere en artikel, der forklarer, at i Danmark kan torturofre tvinges til at tage antidepressiva, ogs\u00e5 selv om de ikke virker og tv\u00e6rtimod g\u00f8r ondt v\u00e6rre.<\/p>\n<p>Landets jobcentre har s\u00e5gar tiltaget sig magten til at p\u00e5tvinge s\u00e5danne mennesker antidepressiv, ogs\u00e5 selv om deres l\u00e6ge direkte frar\u00e5der det.<\/p>\n<p>TackiestOnes forklarer: Skriver Agger p\u00e5 Netmediet Modpress<\/p>\n<p>&nbsp;<br \/>\n<strong>L\u00e6s ogs\u00e5:<\/strong><\/p>\n<p><a href=\"http:\/\/df-nyt.dk\/?p=16057\" target=\"_blank\" rel=\"noopener\"><span style=\"text-decoration: underline;\"><strong>Sygemeldte er bange for Jobcentret <\/strong><\/span><\/a><br \/>\n&nbsp;<br \/>\n<a href=\"http:\/\/df-nyt.dk\/?p=18470\" target=\"_blank\" rel=\"noopener\"><span style=\"text-decoration: underline;\">En tikkende bombe under det Danske velf\u00e6rdssystem <\/span><\/a><\/p>\n<p>*******************<\/p>\n","protected":false},"excerpt":{"rendered":"<p>Undertrykkelsen i Danmark rammer ogs\u00e5 DIG Du synes m\u00e5ske, du har det godt her i Danmark; at du lever i et frit samfund, hvor alle kan f\u00e5 lov at g\u00f8re som de vil, hvis bare de overholder loven og lader andre v\u00e6re i fred. M\u00e5ske har du h\u00f8rt om, at Danmark er et land, hvor [&hellip;]<\/p>\n","protected":false},"author":10,"featured_media":0,"comment_status":"open","ping_status":"closed","sticky":false,"template":"","format":"standard","meta":{"footnotes":""},"categories":[1],"tags":[],"class_list":["post-18517","post","type-post","status-publish","format-standard","hentry","category-df-nyt-dk"],"_links":{"self":[{"href":"https:\/\/df-nyt.dk\/blog\/wp-json\/wp\/v2\/posts\/18517","targetHints":{"allow":["GET"]}}],"collection":[{"href":"https:\/\/df-nyt.dk\/blog\/wp-json\/wp\/v2\/posts"}],"about":[{"href":"https:\/\/df-nyt.dk\/blog\/wp-json\/wp\/v2\/types\/post"}],"author":[{"embeddable":true,"href":"https:\/\/df-nyt.dk\/blog\/wp-json\/wp\/v2\/users\/10"}],"replies":[{"embeddable":true,"href":"https:\/\/df-nyt.dk\/blog\/wp-json\/wp\/v2\/comments?post=18517"}],"version-history":[{"count":1,"href":"https:\/\/df-nyt.dk\/blog\/wp-json\/wp\/v2\/posts\/18517\/revisions"}],"predecessor-version":[{"id":110589,"href":"https:\/\/df-nyt.dk\/blog\/wp-json\/wp\/v2\/posts\/18517\/revisions\/110589"}],"wp:attachment":[{"href":"https:\/\/df-nyt.dk\/blog\/wp-json\/wp\/v2\/media?parent=18517"}],"wp:term":[{"taxonomy":"category","embeddable":true,"href":"https:\/\/df-nyt.dk\/blog\/wp-json\/wp\/v2\/categories?post=18517"},{"taxonomy":"post_tag","embeddable":true,"href":"https:\/\/df-nyt.dk\/blog\/wp-json\/wp\/v2\/tags?post=18517"}],"curies":[{"name":"wp","href":"https:\/\/api.w.org\/{rel}","templated":true}]}}