{"id":18528,"date":"2011-03-24T10:27:43","date_gmt":"2011-03-24T09:27:43","guid":{"rendered":"http:\/\/df-nyt.dk\/?p=18528"},"modified":"2024-10-13T23:33:36","modified_gmt":"2024-10-13T21:33:36","slug":"sf-syv-timers-ugentlig-idraet-suser-forbi-malet","status":"publish","type":"post","link":"https:\/\/df-nyt.dk\/blog\/sf-syv-timers-ugentlig-idraet-suser-forbi-malet\/","title":{"rendered":"SF: Syv timers ugentlig idr\u00e6t suser forbi m\u00e5let"},"content":{"rendered":"<p><img loading=\"lazy\" decoding=\"async\" class=\"alignleft size-full \" title=\"240320111026\" src=\"https:\/\/df-nyt.dk\/\/wp-content\/uploads\/240320111026.png\" alt=\"\" width=\"273\" height=\"203\" \/><\/p>\n<p>Kulturministerens inspirationskatalog er rig p\u00e5 flotte ord, men mangler realitetssans.<\/p>\n<p>SF savner konkrete initiativer, der skal forvandle visionerne til handling. Skriver SF i sin Pressemeddelelse <\/p>\n<p>-Og forts\u00e6tter<br \/>\n&#8211; Hvis alle danske b\u00f8rn og unge har s\u00e5 gode muligheder for syv timers ugentlig motion, hvorfor bliver flertallet s\u00e5 federe?<\/p>\n<p>Denne hysteriske gl\u00e6de, over at mulighederne skulle v\u00e6re s\u00e5 gode, sp\u00e6nder ben for de virkelige udfordringer og rammer de, der ikke dr\u00f8mmer om en tilv\u00e6relse som professionel fodboldspiller, men mest af alt bare \u00f8nsker at lege med vennerne, siger Pernille Frahm, SFs idr\u00e6tsordf\u00f8rer.<\/p>\n<p>Kataloget bringer gode eksempler p\u00e5, hvordan b\u00f8rn kan r\u00f8re sig mere, og det er en lettelse, at Carinas Christensen pudekampe, der helst skulle foreg\u00e5 lige inden sengetid, er taget ud som eksempel p\u00e5 en idr\u00e6ts-aktivitet, men samtidig udstiller kataloget ogs\u00e5 kulturministerens manglende evner til at lave forpligtende aftaler p\u00e5 idr\u00e6ttens omr\u00e5der.<\/p>\n<p>I praksis er kataloget en understregning af at man, n\u00e5r det kom til stykket, ikke kunne f\u00e5 Breddeidr\u00e6ts-udvalgets \u00f8nske om en reel politisk handlingsplan for syv timer om ugen igennem.<\/p>\n<p>&#8211; Hvis idr\u00e6tten ikke i h\u00f8jere grad medvirker til at l\u00f8se sociale udfordringer blandt b\u00f8rn og unge, s\u00e5 har idr\u00e6tten for alvor svigtet.<\/p>\n<p>Kataloget er velt\u00e6nkt, men jeg savner virkelighedens gode eksempler, der bygger bro mellem ressourcesvage b\u00f8rn og unge og idr\u00e6ttens inspirerende univers, eksempelvis gadesport-initiativet GAM3, der denne sommer bl.a. n\u00e5r ud til b\u00f8rn i Aved\u00f8re, siger Pernille Frahm.<\/p>\n<p>Det skal desuden understreges, at idr\u00e6ttens organisationer, i samarbejde med Kommunernes Landsforening og de enkelte kommuner, i fremtiden m\u00e5 styrke deres dokumentations-indsats p\u00e5 idr\u00e6tsomr\u00e5det for at opretholde en pengestr\u00f8m s\u00e5 stor til idr\u00e6ttens organisationer, som tilf\u00e6ldet er.<\/p>\n<p>Derfor m\u00e5 der mere systematisk laves evalueringer, som er uafh\u00e6ngige af idr\u00e6ttens egne midler og organisationer. Skriver SF i sin pressemeddelelse.<\/p>\n<p>For yderlig l\u00e6sning<\/p>\n<p><a href=\"http:\/\/sf.dk\/\" target=\"_blank\" rel=\"noopener noreferrer\"><u>Seneste nyt fra SF her<\/u><\/a><br \/>\n&nbsp;<\/p>\n","protected":false},"excerpt":{"rendered":"<p>Kulturministerens inspirationskatalog er rig p\u00e5 flotte ord, men mangler realitetssans. SF savner konkrete initiativer, der skal forvandle visionerne til handling. Skriver SF i sin Pressemeddelelse -Og forts\u00e6tter &#8211; Hvis alle danske b\u00f8rn og unge har s\u00e5 gode muligheder for syv timers ugentlig motion, hvorfor bliver flertallet s\u00e5 federe? Denne hysteriske gl\u00e6de, over at mulighederne skulle [&hellip;]<\/p>\n","protected":false},"author":10,"featured_media":0,"comment_status":"open","ping_status":"closed","sticky":false,"template":"","format":"standard","meta":{"footnotes":""},"categories":[1],"tags":[],"class_list":["post-18528","post","type-post","status-publish","format-standard","hentry","category-df-nyt-dk"],"_links":{"self":[{"href":"https:\/\/df-nyt.dk\/blog\/wp-json\/wp\/v2\/posts\/18528","targetHints":{"allow":["GET"]}}],"collection":[{"href":"https:\/\/df-nyt.dk\/blog\/wp-json\/wp\/v2\/posts"}],"about":[{"href":"https:\/\/df-nyt.dk\/blog\/wp-json\/wp\/v2\/types\/post"}],"author":[{"embeddable":true,"href":"https:\/\/df-nyt.dk\/blog\/wp-json\/wp\/v2\/users\/10"}],"replies":[{"embeddable":true,"href":"https:\/\/df-nyt.dk\/blog\/wp-json\/wp\/v2\/comments?post=18528"}],"version-history":[{"count":2,"href":"https:\/\/df-nyt.dk\/blog\/wp-json\/wp\/v2\/posts\/18528\/revisions"}],"predecessor-version":[{"id":105504,"href":"https:\/\/df-nyt.dk\/blog\/wp-json\/wp\/v2\/posts\/18528\/revisions\/105504"}],"wp:attachment":[{"href":"https:\/\/df-nyt.dk\/blog\/wp-json\/wp\/v2\/media?parent=18528"}],"wp:term":[{"taxonomy":"category","embeddable":true,"href":"https:\/\/df-nyt.dk\/blog\/wp-json\/wp\/v2\/categories?post=18528"},{"taxonomy":"post_tag","embeddable":true,"href":"https:\/\/df-nyt.dk\/blog\/wp-json\/wp\/v2\/tags?post=18528"}],"curies":[{"name":"wp","href":"https:\/\/api.w.org\/{rel}","templated":true}]}}