{"id":18545,"date":"2011-03-24T13:33:53","date_gmt":"2011-03-24T12:33:53","guid":{"rendered":"http:\/\/df-nyt.dk\/?p=18545"},"modified":"2024-11-18T17:02:30","modified_gmt":"2024-11-18T16:02:30","slug":"to-soldater-draebt-ved-en-eksplosion-i-afghanistan","status":"publish","type":"post","link":"https:\/\/df-nyt.dk\/blog\/to-soldater-draebt-ved-en-eksplosion-i-afghanistan\/","title":{"rendered":"To soldater dr\u00e6bt ved eksplosion i Afghanistan"},"content":{"rendered":"<p><img loading=\"lazy\" decoding=\"async\" class=\"alignleft  \" title=\"240320111322\" src=\"https:\/\/df-nyt.dk\/\/wp-content\/uploads\/240320111322.png\" alt=\"\" width=\"154\" height=\"166\" \/><\/p>\n<p>To soldater er blevet dr\u00e6bt i en eksplosion i Afghanistan i Nahr-e Saraj-distriktet i det centrale Helmand.<br \/>\nSoldaterne blev dr\u00e6bt i forbindelse med en operation, hvor de arbejdede sammen med tropper fra den afghanske nationale h\u00e6r og C Company for den danske kampgruppe.<\/p>\n<p>Soldaterne som var fra 1. bataljon i den irske garde, blev dr\u00e6bt i g\u00e5r, da deres k\u00f8ret\u00f8j blev ramt af en eksplosion fra en IED (improviserede eksplosive anordning) i Nahr-e Saraj-distriktet i Helmand-provinsen.<\/p>\n<p>-Ved afslutningen af operationen, deres patrulje havde netop forladt en ISAF base for at vende tilbage til deres egen lejr &#8211; for at p\u00e5begynde deres overdragelse til den n\u00e6ste enhed, f\u00f8r de skulle til at vende hjem om seks dage &#8211; da k\u00f8ret\u00f8jet, hvor de to soldater opholdt sig i blev ramt af den improviseret spr\u00e6ngladning.<\/p>\n<p>De p\u00e5r\u00f8rende er blevet underrettet. Skriver Netavisen \/\/thesun.co.uk\/sol\/homepage\/news\/<\/p>\n<p>Reference<br \/>\nNetavisen \/\/thesun.co.uk \/sol\/homepage\/news\/campaigns\/our_boys\/3488595\/Two-Brits-killed-in-Afghanistan-blast.html<\/p>\n<p>For yderlig l\u00e6sning<\/p>\n<p><a href=\"https:\/\/df-nyt.dk\/?p=10416\/\" rel=\"noreferrer nofollow\"><span style=\"text-decoration: underline;\">Det var helvede p\u00e5 jord<\/span><\/a><br \/>\n&nbsp;<br \/>\n<a href=\"https:\/\/df-nyt.dk\/?p=11101\" rel=\"noreferrer nofollow\"><span style=\"text-decoration: underline;\">N\u00e6sten 600 milit\u00e6re d\u00f8dsfald i Afghanistan i 2010<\/span><\/a><\/p>\n","protected":false},"excerpt":{"rendered":"<p>To soldater er blevet dr\u00e6bt i en eksplosion i Afghanistan i Nahr-e Saraj-distriktet i det centrale Helmand. Soldaterne blev dr\u00e6bt i forbindelse med en operation, hvor de arbejdede sammen med tropper fra den afghanske nationale h\u00e6r og C Company for den danske kampgruppe. Soldaterne som var fra 1. bataljon i den irske garde, blev dr\u00e6bt [&hellip;]<\/p>\n","protected":false},"author":10,"featured_media":0,"comment_status":"open","ping_status":"closed","sticky":false,"template":"","format":"standard","meta":{"footnotes":""},"categories":[1],"tags":[],"class_list":["post-18545","post","type-post","status-publish","format-standard","hentry","category-df-nyt-dk"],"_links":{"self":[{"href":"https:\/\/df-nyt.dk\/blog\/wp-json\/wp\/v2\/posts\/18545","targetHints":{"allow":["GET"]}}],"collection":[{"href":"https:\/\/df-nyt.dk\/blog\/wp-json\/wp\/v2\/posts"}],"about":[{"href":"https:\/\/df-nyt.dk\/blog\/wp-json\/wp\/v2\/types\/post"}],"author":[{"embeddable":true,"href":"https:\/\/df-nyt.dk\/blog\/wp-json\/wp\/v2\/users\/10"}],"replies":[{"embeddable":true,"href":"https:\/\/df-nyt.dk\/blog\/wp-json\/wp\/v2\/comments?post=18545"}],"version-history":[{"count":1,"href":"https:\/\/df-nyt.dk\/blog\/wp-json\/wp\/v2\/posts\/18545\/revisions"}],"predecessor-version":[{"id":106885,"href":"https:\/\/df-nyt.dk\/blog\/wp-json\/wp\/v2\/posts\/18545\/revisions\/106885"}],"wp:attachment":[{"href":"https:\/\/df-nyt.dk\/blog\/wp-json\/wp\/v2\/media?parent=18545"}],"wp:term":[{"taxonomy":"category","embeddable":true,"href":"https:\/\/df-nyt.dk\/blog\/wp-json\/wp\/v2\/categories?post=18545"},{"taxonomy":"post_tag","embeddable":true,"href":"https:\/\/df-nyt.dk\/blog\/wp-json\/wp\/v2\/tags?post=18545"}],"curies":[{"name":"wp","href":"https:\/\/api.w.org\/{rel}","templated":true}]}}