{"id":18558,"date":"2011-03-24T23:22:51","date_gmt":"2011-03-24T22:22:51","guid":{"rendered":"http:\/\/df-nyt.dk\/?p=18558"},"modified":"2026-01-11T17:23:17","modified_gmt":"2026-01-11T16:23:17","slug":"fn-rapport%c3%b8r-israel-udf%c3%b8rer-etnisk-udrensning-i-palaestina","status":"publish","type":"post","link":"https:\/\/df-nyt.dk\/blog\/fn-rapport%c3%b8r-israel-udf%c3%b8rer-etnisk-udrensning-i-palaestina\/","title":{"rendered":"FN-rapport\u00f8r: Israel udf\u00f8rer etnisk udrensning i Pal\u00e6stina"},"content":{"rendered":"<p><img loading=\"lazy\" decoding=\"async\" src=\"https:\/\/df-nyt.dk\/wp-content\/uploads\/240320112319.png\" alt=\"\" width=\"192\" height=\"174\" class=\"alignleft size-full \" \/><\/p>\n<p>FN-rapport\u00f8r: Israel udf\u00f8rer etnisk udrensning i Pal\u00e6stina<\/p>\n<p>Etnisk udrensning, apartheid og kolonialisme.<br \/>\nS\u00e5 st\u00e6rke var ordene om Israels fremf\u00e6rd i de pal\u00e6stinensiske omr\u00e5der,<br \/>\nda FNs specialrapport\u00f8r for Pal\u00e6stinas besatte omr\u00e5der Richard Falk fremlagde en rapport til FNs menneskerettighedskommission tirsdag. Skriver Christian Rask p\u00e5 <a href=\"http:\/\/p77.dk\/demokrati\/menneskerettigheder\/468-fn-rapportor-israel-udforer-etnisk-udrensning-i-palaestina#comment-3936\/\"><span style=\"text-decoration: underline;\">Netavisen P77.dk <\/span><\/a><br \/>\n&nbsp;<br \/>\n\u2013Og fors\u00e6tter<br \/>\nIsraels restriktioner, massakrer og krige mod det pal\u00e6stinensiske folk er &#8220;etnisk udrensning og apartheid&#8221;, sagde Robert Falk i FNs menneskerettighedsr\u00e5d.<\/p>\n<p>FN-rapporten er udarbejdet for at belyse i hvor h\u00f8j grad Israel har opfyldt sine forpligtelser i henhold til folkeretten i de besatte omr\u00e5der.<\/p>\n<p>I rapporten bruger Richard Falk ord som, annektering, etnisk udrensning, apartheid, kolonialistiske og kriminalitet, der med hans egne egne ord bedst beskriver, situationens sande natur i de besatte pal\u00e6stinensiske omr\u00e5der.<\/p>\n<p>Israelske bos\u00e6ttelser og tvangsuds\u00e6ttelse af pal\u00e6stinensiske indbyggere skaber fortsat en uacceptabel situation.<\/p>\n<p>-Israelske bos\u00e6ttere har overtaget pal\u00e6stinensiske hjem og udvist pal\u00e6stinenserne fra deres hjem i \u00e5rtier og generationer, mens de israelske myndigheder st\u00f8tter deres ulovlige handlinger,&#8221; skriver FN-rapporten.<\/p>\n<p>-Udtrykket &#8216;apartheid&#8217; er ikke specifikt knyttet til Sydafrikas racistiske politik, men betegner i dag en forbrydelse der omfatter enhver institutionaliseret og systematisk undertrykkelse af \u00e9n racem\u00e6ssig gruppering overfor en eller flere andre racem\u00e6ssige grupper med det form\u00e5l at opretholde regimet, sagde han.<\/p>\n<p>Falk foreslog at rejse en sag ved Den Internationale Domstol i Haag for at bekr\u00e6fte denne definition af apartheid og at afklare, om den fortsatte praksis med ulovlige bos\u00e6ttelser og fordrivelser i \u00d8stjerusalem kan betragtes etnisk udrensning.<\/p>\n<p>Reference<br \/>\n<a href=\"http:\/\/p77.dk\/demokrati\/menneskerettigheder\/468-fn-rapportor-israel-udforer-etnisk-udrensning-i-palaestina#comment-3936\/\"><span style=\"text-decoration: underline;\">Netavisen, P77.dk \/\/p77.dk\/demokrati\/menneskerettigheder\/fn-rapportor-israel-udforer-etnisk-udrensning-i-palaestina<\/span><\/a><\/p>\n<p>For yderlig l\u00e6sning<br \/>\n&nbsp;<br \/>\n<a href=\"https:\/\/df-nyt.dk\/?p=7561\/\" target=\"_blank\" rel=\"noopener noreferrer\"><span style=\"text-decoration: underline;\">B\u00f8rnearbejderene i Gaza<\/span><\/a><br \/>\n&nbsp;<br \/>\n<a href=\"https:\/\/df-nyt.dk\/?p=12954\/\" target=\"_blank\" rel=\"noopener noreferrer\"><span style=\"text-decoration: underline;\">Israelske bos\u00e6ttere forts\u00e6tter aggressiv fremf\u00e6rd <\/span><\/a><\/p>\n","protected":false},"excerpt":{"rendered":"<p>FN-rapport\u00f8r: Israel udf\u00f8rer etnisk udrensning i Pal\u00e6stina Etnisk udrensning, apartheid og kolonialisme. S\u00e5 st\u00e6rke var ordene om Israels fremf\u00e6rd i de pal\u00e6stinensiske omr\u00e5der, da FNs specialrapport\u00f8r for Pal\u00e6stinas besatte omr\u00e5der Richard Falk fremlagde en rapport til FNs menneskerettighedskommission tirsdag. Skriver Christian Rask p\u00e5 Netavisen P77.dk &nbsp; \u2013Og fors\u00e6tter Israels restriktioner, massakrer og krige mod det [&hellip;]<\/p>\n","protected":false},"author":10,"featured_media":0,"comment_status":"open","ping_status":"closed","sticky":false,"template":"","format":"standard","meta":{"footnotes":""},"categories":[1],"tags":[],"class_list":["post-18558","post","type-post","status-publish","format-standard","hentry","category-df-nyt-dk"],"_links":{"self":[{"href":"https:\/\/df-nyt.dk\/blog\/wp-json\/wp\/v2\/posts\/18558","targetHints":{"allow":["GET"]}}],"collection":[{"href":"https:\/\/df-nyt.dk\/blog\/wp-json\/wp\/v2\/posts"}],"about":[{"href":"https:\/\/df-nyt.dk\/blog\/wp-json\/wp\/v2\/types\/post"}],"author":[{"embeddable":true,"href":"https:\/\/df-nyt.dk\/blog\/wp-json\/wp\/v2\/users\/10"}],"replies":[{"embeddable":true,"href":"https:\/\/df-nyt.dk\/blog\/wp-json\/wp\/v2\/comments?post=18558"}],"version-history":[{"count":2,"href":"https:\/\/df-nyt.dk\/blog\/wp-json\/wp\/v2\/posts\/18558\/revisions"}],"predecessor-version":[{"id":111319,"href":"https:\/\/df-nyt.dk\/blog\/wp-json\/wp\/v2\/posts\/18558\/revisions\/111319"}],"wp:attachment":[{"href":"https:\/\/df-nyt.dk\/blog\/wp-json\/wp\/v2\/media?parent=18558"}],"wp:term":[{"taxonomy":"category","embeddable":true,"href":"https:\/\/df-nyt.dk\/blog\/wp-json\/wp\/v2\/categories?post=18558"},{"taxonomy":"post_tag","embeddable":true,"href":"https:\/\/df-nyt.dk\/blog\/wp-json\/wp\/v2\/tags?post=18558"}],"curies":[{"name":"wp","href":"https:\/\/api.w.org\/{rel}","templated":true}]}}