{"id":18623,"date":"2011-03-26T11:18:00","date_gmt":"2011-03-26T10:18:00","guid":{"rendered":"http:\/\/df-nyt.dk\/?p=18623"},"modified":"2025-07-07T19:41:38","modified_gmt":"2025-07-07T17:41:38","slug":"altinget-dk-anders-gravers-pedersen-udenfor-partierne","status":"publish","type":"post","link":"https:\/\/df-nyt.dk\/blog\/altinget-dk-anders-gravers-pedersen-udenfor-partierne\/","title":{"rendered":"Altinget.dk: Anders Gravers Pedersen, Udenfor partierne"},"content":{"rendered":"<p>Altinget.dk: Anders Gravers Pedersen, Udenfor partierne<br \/>\nMan satser tilsyneladende p\u00e5 at opstille\/markedsf\u00f8re Anders Gravers.<\/p>\n<p>Antagelig, har man nu erkendt, at den flere gange, volds-d\u00f8mte Michael Ellegaard, ikke kan blive <a href=\"https:\/\/df-nyt.dk\/?p=16029\/\" target=\"_blank\" rel=\"noopener noreferrer\"><u>opstillingsberettiget<\/u><\/a><\/p>\n<p><img loading=\"lazy\" decoding=\"async\" class=\"alignnone \" title=\"010220111343\" src=\"https:\/\/df-nyt.dk\/\/wp-content\/uploads\/010220111343.png\" alt=\"\" width=\"155\" height=\"104\" \/><\/p>\n<p>Billedet: Screenshots fra <a href=\"https:\/\/df-nyt.dk\/?p=16029\/\" target=\"_blank\" rel=\"noopener noreferrer\"> Kvindebev\u00e6gelsen Q Freedom og den skjulte dagsorden<\/a><br \/>\nOg dermed undlader man at tage stilling til, at det kan Anders Gravers sandsynligvis heller ikke, efter han er blevet d\u00f8mt iht. Retsplejelovens \u00a7 651, der handler om fors\u00e6tligt, at overtr\u00e6de et <a href=\"https:\/\/df-nyt.dk\/?p=13525\/\" target=\"_blank\" rel=\"noopener noreferrer\">fogedforbud<\/a> -Hans problem kan blive dommen, en forvandlingsstraf p\u00e5 10 dage.<\/p>\n<p><img loading=\"lazy\" decoding=\"async\" class=\"alignnone\" src=\"https:\/\/df-nyt.dk\/wp-content\/uploads\/260320111224.png\" alt=\"\" width=\"263\" height=\"213\" \/><br \/>\nBilledet: Screenshots d. 26, 03, 2011 fra<br \/>\n\/\/altinget.dk \/kandidater\/Anders-Gravers-Pedersen<br \/>\n\/\/altinget.dk:80\/kandidater\/Anders-Gravers-Pedersen&#8221;<\/p>\n<p><img loading=\"lazy\" decoding=\"async\" class=\"alignnone\" src=\"https:\/\/df-nyt.dk\/wp-content\/uploads\/260320111124.png\" alt=\"\" width=\"274\" height=\"279\" \/><\/p>\n<p>Billedet: et Screenshots d. 26, 03, 2011 fra <a href=\"https:\/\/df-nyt.dk\/?p=15542\">Peter Andersens \/\/facebook.com\/update_security_info.php?wizard=1#!\/profile.php?id=672464756&amp;sk=friends><\/a>  &#8211; venneliste p\u00e5 FaceBook<\/p>\n<p>Find en anden kandidat.<\/p>\n<p>Reference<br \/>\nHjemmesiden \/\/altinget,dk \/kandidater<br \/>\nHjemmesiden \/\/facebook.com \/update_security_info-wizard\/profile.id=672464756sk=friends<\/p>\n<p>For yderlig l\u00e6sning<\/p>\n<p><a href=\"https:\/\/df-nyt.dk\/?p=15542\/\" target=\"_blank\" rel=\"noopener noreferrer\"><span style=\"text-decoration: underline;\">Om at finde sin rette hylde<\/span><\/a><br \/>\n&nbsp;<br \/>\n<a href=\"https:\/\/df-nyt.dk\/?p=7839\/\" target=\"_blank\" rel=\"noopener noreferrer\"><span style=\"text-decoration: underline;\">Blogger meldt til politiet<\/span><\/a><br \/>\n&nbsp;<br \/>\n<a href=\"https:\/\/df-nyt.dk\/?p=8894\/\" target=\"_blank\" rel=\"noopener noreferrer\"><span style=\"text-decoration: underline;\">Anders Gravers og White Power<\/span><\/a><br \/>\n&nbsp;<br \/>\n<a href=\"https:\/\/df-nyt.dk\/?p=17132\/\" target=\"_blank\" rel=\"noopener noreferrer\"><span style=\"text-decoration: underline;\">SIOA er en Hate Group og p\u00e5 samme liste som Ku Klux Klan<\/span><\/a><br \/>\n&nbsp;<br \/>\n<a href=\"http:\/\/siadinfo.blogspot.com\/\" target=\"_blank\" rel=\"noopener noreferrer\"><span style=\"text-decoration: underline;\">Fakta-side om Partiet Stop Islamiseringen af Danmark og SIOE England<\/span><\/a><\/p>\n","protected":false},"excerpt":{"rendered":"<p>Altinget.dk: Anders Gravers Pedersen, Udenfor partierne Man satser tilsyneladende p\u00e5 at opstille\/markedsf\u00f8re Anders Gravers. Antagelig, har man nu erkendt, at den flere gange, volds-d\u00f8mte Michael Ellegaard, ikke kan blive opstillingsberettiget Billedet: Screenshots fra Kvindebev\u00e6gelsen Q Freedom og den skjulte dagsorden Og dermed undlader man at tage stilling til, at det kan Anders Gravers sandsynligvis heller [&hellip;]<\/p>\n","protected":false},"author":10,"featured_media":0,"comment_status":"open","ping_status":"closed","sticky":false,"template":"","format":"standard","meta":{"footnotes":""},"categories":[1],"tags":[],"class_list":["post-18623","post","type-post","status-publish","format-standard","hentry","category-df-nyt-dk"],"_links":{"self":[{"href":"https:\/\/df-nyt.dk\/blog\/wp-json\/wp\/v2\/posts\/18623","targetHints":{"allow":["GET"]}}],"collection":[{"href":"https:\/\/df-nyt.dk\/blog\/wp-json\/wp\/v2\/posts"}],"about":[{"href":"https:\/\/df-nyt.dk\/blog\/wp-json\/wp\/v2\/types\/post"}],"author":[{"embeddable":true,"href":"https:\/\/df-nyt.dk\/blog\/wp-json\/wp\/v2\/users\/10"}],"replies":[{"embeddable":true,"href":"https:\/\/df-nyt.dk\/blog\/wp-json\/wp\/v2\/comments?post=18623"}],"version-history":[{"count":4,"href":"https:\/\/df-nyt.dk\/blog\/wp-json\/wp\/v2\/posts\/18623\/revisions"}],"predecessor-version":[{"id":108747,"href":"https:\/\/df-nyt.dk\/blog\/wp-json\/wp\/v2\/posts\/18623\/revisions\/108747"}],"wp:attachment":[{"href":"https:\/\/df-nyt.dk\/blog\/wp-json\/wp\/v2\/media?parent=18623"}],"wp:term":[{"taxonomy":"category","embeddable":true,"href":"https:\/\/df-nyt.dk\/blog\/wp-json\/wp\/v2\/categories?post=18623"},{"taxonomy":"post_tag","embeddable":true,"href":"https:\/\/df-nyt.dk\/blog\/wp-json\/wp\/v2\/tags?post=18623"}],"curies":[{"name":"wp","href":"https:\/\/api.w.org\/{rel}","templated":true}]}}