{"id":18668,"date":"2011-03-27T00:42:01","date_gmt":"2011-03-26T23:42:01","guid":{"rendered":"http:\/\/df-nyt.dk\/?p=18668"},"modified":"2017-09-15T18:28:01","modified_gmt":"2017-09-15T16:28:01","slug":"afghanistan-nato-luftangreb-draeber-civile-i-helmand","status":"publish","type":"post","link":"https:\/\/df-nyt.dk\/blog\/afghanistan-nato-luftangreb-draeber-civile-i-helmand\/","title":{"rendered":"Afghanistan: Nato luftangreb dr\u00e6ber civile i Helmand"},"content":{"rendered":"<p><a href=\"https:\/\/df-nyt.dk\/blog\/wp-content\/uploads\/270320110034.png\"><img loading=\"lazy\" decoding=\"async\" class=\"alignleft size-full wp-image-18669\" title=\"270320110034\" alt=\"\" src=\"https:\/\/df-nyt.dk\/blog\/wp-content\/uploads\/270320110034.png\" width=\"308\" height=\"211\" \/><\/a><\/p>\n<p>Vestlige styrker har ved et uheld dr\u00e6bte syv civile i luftangreb i den afghanske provins Helmand.<\/p>\n<p>Skriver BBC-News<\/p>\n<p>Nato havde beordret et angreb fredag, \u200b\u200befter de at have h\u00f8rt, at en Taliban-leder og flere af hans underordnede k\u00f8rte i to k\u00f8ret\u00f8jer.<\/p>\n<p>Den bil, man rettede angrebet imod eksploderet ved siden siden af \u200b\u200ben anden som var civil. Tre b\u00f8rn var blandt de dr\u00e6bte.<\/p>\n<p>Det luftangreb fandt sted i Naw Zad-distriktet. To m\u00e6nd, to kvinder og tre b\u00f8rn blev dr\u00e6bt ved angrebet.<\/p>\n<p>Nato-lederen for de internationale sikkerhedsstyrke ISAF sagde, at det var rettet mod en Taliban-leder og andre militante, men ISAF talsmand Major Tim James, kunne ikke bekr\u00e6fte, om Taleban lederen var til stede i den bil man rettede angrebet imod.<\/p>\n<p>Ni b\u00f8rn d\u00f8de i et andet Nato luftangreb i det \u00f8stlige Kunar-provinsen tidligere p\u00e5 m\u00e5neden.<\/p>\n<p>Det f\u00f8rte til at den \u00f8verstkommanderende for amerikanske tropper i Afghanistan, general David Petraeus, fremsatte en offentlig undskyldning.<\/p>\n<p>De civile d\u00f8dsfald er alvorligt belastende for forholdet til de afghanske myndigheder.<\/p>\n<p>Pr\u00e6sident Hamid Karzai har udtalt at general Petraeus undskyldning for drabet af de ni b\u00f8rn var &#8220;ikke nok&#8221;.<\/p>\n<p>Skriver <span style=\"text-decoration: underline;\"><strong><a href=\"http:\/\/www.bbc.co.uk\/news\/world-south-asia-12870106\">BBC News &#8211; Du kan l\u00e6se mere HER<\/a><\/strong><\/span><\/p>\n<p><strong>L\u00e6s ogs\u00e5:<\/strong><\/p>\n<p><a href=\"http:\/\/df-nyt.dk\/?p=18603\"><span style=\"text-decoration: underline;\"><strong>Undskylder for soldaters racisme p\u00e5 Facebook<\/strong><\/span><\/a><\/p>\n<p><strong>**************************<\/strong><\/p>\n","protected":false},"excerpt":{"rendered":"<p>Vestlige styrker har ved et uheld dr\u00e6bte syv civile i luftangreb i den afghanske provins Helmand. Skriver BBC-News Nato havde beordret et angreb fredag, \u200b\u200befter de at have h\u00f8rt, at en Taliban-leder og flere af hans underordnede k\u00f8rte i to k\u00f8ret\u00f8jer. Den bil, man rettede angrebet imod eksploderet ved siden siden af \u200b\u200ben anden som [&hellip;]<\/p>\n","protected":false},"author":10,"featured_media":0,"comment_status":"open","ping_status":"closed","sticky":false,"template":"","format":"standard","meta":{"footnotes":""},"categories":[1],"tags":[],"class_list":["post-18668","post","type-post","status-publish","format-standard","hentry","category-df-nyt-dk"],"_links":{"self":[{"href":"https:\/\/df-nyt.dk\/blog\/wp-json\/wp\/v2\/posts\/18668","targetHints":{"allow":["GET"]}}],"collection":[{"href":"https:\/\/df-nyt.dk\/blog\/wp-json\/wp\/v2\/posts"}],"about":[{"href":"https:\/\/df-nyt.dk\/blog\/wp-json\/wp\/v2\/types\/post"}],"author":[{"embeddable":true,"href":"https:\/\/df-nyt.dk\/blog\/wp-json\/wp\/v2\/users\/10"}],"replies":[{"embeddable":true,"href":"https:\/\/df-nyt.dk\/blog\/wp-json\/wp\/v2\/comments?post=18668"}],"version-history":[{"count":0,"href":"https:\/\/df-nyt.dk\/blog\/wp-json\/wp\/v2\/posts\/18668\/revisions"}],"wp:attachment":[{"href":"https:\/\/df-nyt.dk\/blog\/wp-json\/wp\/v2\/media?parent=18668"}],"wp:term":[{"taxonomy":"category","embeddable":true,"href":"https:\/\/df-nyt.dk\/blog\/wp-json\/wp\/v2\/categories?post=18668"},{"taxonomy":"post_tag","embeddable":true,"href":"https:\/\/df-nyt.dk\/blog\/wp-json\/wp\/v2\/tags?post=18668"}],"curies":[{"name":"wp","href":"https:\/\/api.w.org\/{rel}","templated":true}]}}