{"id":18703,"date":"2011-03-28T06:30:25","date_gmt":"2011-03-28T05:30:25","guid":{"rendered":"http:\/\/df-nyt.dk\/?p=18703"},"modified":"2024-11-17T17:50:58","modified_gmt":"2024-11-17T16:50:58","slug":"historiens-laengste-arbejdspr%c3%b8vning","status":"publish","type":"post","link":"https:\/\/df-nyt.dk\/blog\/historiens-laengste-arbejdspr%c3%b8vning\/","title":{"rendered":"Historiens l\u00e6ngste arbejdspr\u00f8vning"},"content":{"rendered":"<p><img loading=\"lazy\" decoding=\"async\" class=\"alignleft size-full \" title=\"280320110726\" alt=\"\" src=\"https:\/\/df-nyt.dk\/\/wp-content\/uploads\/280320110726.png\" width=\"260\" height=\"95\" \/><\/p>\n<p>Nu &#8211; Klar til at blive pr\u00f8vet \u2013for fjerde gang<br \/>\n58-\u00e5rige Flemming Rath har v\u00e6ret i arbejdspr\u00f8vning.<br \/>\nDet kommunale Jobcenter skal vurdere hans erhvervsevne. Det skal Jobcentret \u2013 sende sygemeldte borgere i arbejdspr\u00f8vning.<\/p>\n<p>S\u00e5dan \u00e9n varer 13 uger. &#8211; For Flemming Rath varede arbejdspr\u00f8vningen meget l\u00e6ngere end 13 uger. &#8211; Den varede over 15 \u2026 m\u00e5neder.<\/p>\n<p>Lige nu g\u00e5r han hjemme. Og venter. -Igen.<br \/>\nDet har der v\u00e6ret meget af, ventetid, siden han for over fem \u00e5r siden m\u00e5tte give op som ufagl\u00e6rt industriarbejder efter to operationer.<\/p>\n<p>Til geng\u00e6ld har der v\u00e6ret meget lidt at leve af \u2013 det er over tre \u00e5r siden, kommunen stoppede for sygedagpengene.<\/p>\n<p>Siden har Flemming Rath v\u00e6ret p\u00e5 kontanthj\u00e6lp.<\/p>\n<p>Godt nok fik han ret hos Besk\u00e6ftigelsesanken\u00e6vnet i december 2008 \u2013 10 m\u00e5neder efter Svendborg Kommune havde stoppet hans sygedagpenge.<\/p>\n<p>Det var ulovligt, at kommunen stoppede dem, &#8211; sagde n\u00e6vnet og sendte sagen tilbage til ny vurdering hos kommunen.<\/p>\n<p>Som blot n\u00f8jedes med at vurdere det samme som tidligere:<br \/>\nIngen sygedagpenge. Skriver Frede Jakobsen p\u00e5 Svendborg Netavis <\/p>\n<p>Reference<br \/>\nHjemmesiden, \/\/svendborgsnetavis.dk\/klar-til-at-blive-pr\u00f8vet-for-fjerde-gang<\/p>\n<p>For yderlig l\u00e6sning.<\/p>\n<p><a href=\"https:\/\/df-nyt.dk\/jobcenter-cikanen-fortsaetter\" rel=\"noreferrer nofollow\"><span style=\"text-decoration: underline;\">Jobcenter-chikanen forts\u00e6tter<\/span><\/a><br \/>\n&nbsp;<br \/>\n<a href=\"https:\/\/df-nyt.dk\/?p=18517  \/\"rel=\"noreferrer nofollow\"><span style=\"text-decoration: underline;\">Undertrykkelsen i Danmark rammer ogs\u00e5 DIG<\/span><\/a><br \/>\n&nbsp;<\/p>\n","protected":false},"excerpt":{"rendered":"<p>Nu &#8211; Klar til at blive pr\u00f8vet \u2013for fjerde gang 58-\u00e5rige Flemming Rath har v\u00e6ret i arbejdspr\u00f8vning. Det kommunale Jobcenter skal vurdere hans erhvervsevne. Det skal Jobcentret \u2013 sende sygemeldte borgere i arbejdspr\u00f8vning. S\u00e5dan \u00e9n varer 13 uger. &#8211; For Flemming Rath varede arbejdspr\u00f8vningen meget l\u00e6ngere end 13 uger. &#8211; Den varede over 15 \u2026 [&hellip;]<\/p>\n","protected":false},"author":10,"featured_media":0,"comment_status":"open","ping_status":"closed","sticky":false,"template":"","format":"standard","meta":{"footnotes":""},"categories":[1],"tags":[],"class_list":["post-18703","post","type-post","status-publish","format-standard","hentry","category-df-nyt-dk"],"_links":{"self":[{"href":"https:\/\/df-nyt.dk\/blog\/wp-json\/wp\/v2\/posts\/18703","targetHints":{"allow":["GET"]}}],"collection":[{"href":"https:\/\/df-nyt.dk\/blog\/wp-json\/wp\/v2\/posts"}],"about":[{"href":"https:\/\/df-nyt.dk\/blog\/wp-json\/wp\/v2\/types\/post"}],"author":[{"embeddable":true,"href":"https:\/\/df-nyt.dk\/blog\/wp-json\/wp\/v2\/users\/10"}],"replies":[{"embeddable":true,"href":"https:\/\/df-nyt.dk\/blog\/wp-json\/wp\/v2\/comments?post=18703"}],"version-history":[{"count":1,"href":"https:\/\/df-nyt.dk\/blog\/wp-json\/wp\/v2\/posts\/18703\/revisions"}],"predecessor-version":[{"id":106812,"href":"https:\/\/df-nyt.dk\/blog\/wp-json\/wp\/v2\/posts\/18703\/revisions\/106812"}],"wp:attachment":[{"href":"https:\/\/df-nyt.dk\/blog\/wp-json\/wp\/v2\/media?parent=18703"}],"wp:term":[{"taxonomy":"category","embeddable":true,"href":"https:\/\/df-nyt.dk\/blog\/wp-json\/wp\/v2\/categories?post=18703"},{"taxonomy":"post_tag","embeddable":true,"href":"https:\/\/df-nyt.dk\/blog\/wp-json\/wp\/v2\/tags?post=18703"}],"curies":[{"name":"wp","href":"https:\/\/api.w.org\/{rel}","templated":true}]}}