{"id":18711,"date":"2011-03-28T07:30:00","date_gmt":"2011-03-28T06:30:00","guid":{"rendered":"http:\/\/df-nyt.dk\/?p=18711"},"modified":"2026-03-31T17:27:27","modified_gmt":"2026-03-31T15:27:27","slug":"foraeldrevold-mod-en-kun-11-arig-dreng","status":"publish","type":"post","link":"https:\/\/df-nyt.dk\/blog\/foraeldrevold-mod-en-kun-11-arig-dreng\/","title":{"rendered":"For\u00e6ldrevold mod en kun 11-\u00e5rig dreng"},"content":{"rendered":"<p>For\u00e6ldrevold mod en kun 11-\u00e5rig dreng<\/p>\n<p><img loading=\"lazy\" decoding=\"async\" class=\"alignleft size-full \" title=\"280320110810\" src=\"https:\/\/df-nyt.dk\/blog\/wp-content\/uploads\/280320110810.png\" alt=\"\" width=\"307\" height=\"248\" \/><\/p>\n<p>Det er en kendt sag, at Dansk Folkepartis S\u00f8ren Krarup i mange \u00e5r har v\u00e6ret modstander af loven som forbyder for\u00e6ldre at banke deres b\u00f8rn.<\/p>\n<p>F\u00e5 har, som ham k\u00e6mpet for at loven ikke blev vedtaget &#8211;<\/p>\n<p>Det blev den heldigvis alligevel, p\u00e5 tros af modstanden.<\/p>\n<p>Alligevel ser vi igen og igen &#8211; overskrifter i medierne,<br \/>\n\/\/www.fyens.dk\/article\/1816394:Nordfyn&#8211;Par-tiltalt-for-vold-mod-dreng&#8221;<br \/>\n&#8211; som viser, at s\u00e5 langt fra alle for\u00e6ldre har forst\u00e5et, at det, ud over at v\u00e6re gr\u00e6nseoverskridende modbydeligt &#8211; ogs\u00e5 er ulovligt at ud\u00f8ve vold.<\/p>\n<p>I dag er det en 33-\u00e5rig kvinde og en 38-\u00e5rig mand, som i Retten i Odense er tiltalt for vold og vold af s\u00e6rlig farlig karakter mod en kun 11-\u00e5rig dreng fra Nordfyn.<\/p>\n<p>Kvinden, som if\u00f8lge anklageskriftet har samme efternavn som drengen, er blandt andet tiltalt for at have rusket drengen, sl\u00e5et ham flere gange i ansigtet, sparket ham i maven, p\u00e5 ryggen og for at have vredet hans arm om, s\u00e5 den br\u00e6kkede.<\/p>\n<p>Manden er tiltalt for at have sl\u00e5et drengen 10-12 gange i hovedet med en knyttet h\u00e5nd.<\/p>\n<p>&#8220;Den man elsker tugter man&#8221; &#8211; st\u00e5r skrevet et sted.<\/p>\n<p>&#8220;At sl\u00e5 sine b\u00f8rn, b\u00f8r v\u00e6re helt almindeligt, siger S\u00f8ren Krarup,<br \/>\nder kalder anti-voldskampagne for \u2019afskyelig nazisme\u2019.&#8221; Kilde: BT.dk<br \/>\n\/\/www.bt.dk\/nyheder\/soeren-krarup-boern-tager-ikke-skade-af-blive-slaaet&#8221;  <\/p>\n<p>M\u00e5ske er det p\u00e5 tide, at f\u00e5 revideret den opfattelse.<\/p>\n<p>For yderlig l\u00e6sning.<\/p>\n<p><a href=\"http:\/\/df-nyt.dk\/?p=16727\"><span style=\"text-decoration: underline;\">Byr\u00e5dsmedlem d\u00f8mt for overfald p\u00e5 kvinde <\/span><\/a><\/p>\n<p>&nbsp;<br \/>\n<a href=\"http:\/\/df-nyt.dk\/?p=16526\"><span style=\"text-decoration: underline;\">Journalist kr\u00e6ver personlig undskyldning fra Dansk Folkeparti<\/span><\/a><\/p>\n<p>&nbsp;<\/p>\n","protected":false},"excerpt":{"rendered":"<p>For\u00e6ldrevold mod en kun 11-\u00e5rig dreng Det er en kendt sag, at Dansk Folkepartis S\u00f8ren Krarup i mange \u00e5r har v\u00e6ret modstander af loven som forbyder for\u00e6ldre at banke deres b\u00f8rn. F\u00e5 har, som ham k\u00e6mpet for at loven ikke blev vedtaget &#8211; Det blev den heldigvis alligevel, p\u00e5 tros af modstanden. Alligevel ser vi [&hellip;]<\/p>\n","protected":false},"author":10,"featured_media":0,"comment_status":"open","ping_status":"closed","sticky":false,"template":"","format":"standard","meta":{"footnotes":""},"categories":[1],"tags":[],"class_list":["post-18711","post","type-post","status-publish","format-standard","hentry","category-df-nyt-dk"],"_links":{"self":[{"href":"https:\/\/df-nyt.dk\/blog\/wp-json\/wp\/v2\/posts\/18711","targetHints":{"allow":["GET"]}}],"collection":[{"href":"https:\/\/df-nyt.dk\/blog\/wp-json\/wp\/v2\/posts"}],"about":[{"href":"https:\/\/df-nyt.dk\/blog\/wp-json\/wp\/v2\/types\/post"}],"author":[{"embeddable":true,"href":"https:\/\/df-nyt.dk\/blog\/wp-json\/wp\/v2\/users\/10"}],"replies":[{"embeddable":true,"href":"https:\/\/df-nyt.dk\/blog\/wp-json\/wp\/v2\/comments?post=18711"}],"version-history":[{"count":5,"href":"https:\/\/df-nyt.dk\/blog\/wp-json\/wp\/v2\/posts\/18711\/revisions"}],"predecessor-version":[{"id":111927,"href":"https:\/\/df-nyt.dk\/blog\/wp-json\/wp\/v2\/posts\/18711\/revisions\/111927"}],"wp:attachment":[{"href":"https:\/\/df-nyt.dk\/blog\/wp-json\/wp\/v2\/media?parent=18711"}],"wp:term":[{"taxonomy":"category","embeddable":true,"href":"https:\/\/df-nyt.dk\/blog\/wp-json\/wp\/v2\/categories?post=18711"},{"taxonomy":"post_tag","embeddable":true,"href":"https:\/\/df-nyt.dk\/blog\/wp-json\/wp\/v2\/tags?post=18711"}],"curies":[{"name":"wp","href":"https:\/\/api.w.org\/{rel}","templated":true}]}}