{"id":18718,"date":"2011-03-28T08:58:24","date_gmt":"2011-03-28T07:58:24","guid":{"rendered":"http:\/\/df-nyt.dk\/?p=18718"},"modified":"2024-11-11T15:57:58","modified_gmt":"2024-11-11T14:57:58","slug":"de-gr%c3%b8nne-vinder-i-baden-wurttemberg","status":"publish","type":"post","link":"https:\/\/df-nyt.dk\/blog\/de-gr%c3%b8nne-vinder-i-baden-wurttemberg\/","title":{"rendered":"De gr\u00f8nne vinder i Baden-W\u00fcrttemberg"},"content":{"rendered":"<p><img loading=\"lazy\" decoding=\"async\" class=\"alignleft  \" src=\"https:\/\/df-nyt.dk\/wp-content\/uploads\/280320111000.png\" alt=\"\" width=\"280\" height=\"197\" \/>Historisk sejr til De Gr\u00f8nne i den tyske delstat Baden-W\u00fcrttemberg.<\/p>\n<p>De Gr\u00f8nne fordobler deres opbakning til 24,2 pct. og st\u00e5r til at f\u00e5 deres f\u00f8rste ministerpr\u00e6sident.<\/p>\n<p>Delstaten, der er dobbelt s\u00e5 stor som Danmark, er et \u00f8konomisk kraftcenter i Tyskland. Skriver SF i sin Pressemeddelelse<\/p>\n<p>-Og forts\u00e6tter<br \/>\nDen har v\u00e6ret ledet af Merkels kristendemokraterne i 60 \u00e5r.<br \/>\nDen bastion er nu faldet og De Gr\u00f8nne, med socialdemokraternes opbakning, st\u00e5r til at f\u00e5 den f\u00f8rste ministerpr\u00e6sident nogensinde i partiets historie.<\/p>\n<p>Det er et voldsomt slag til Angela Merkels forbundsregering.<br \/>\nEt klart nej til atomkraft og uansvarlig borgerlig \u00f8konomisk politik.<br \/>\nDet er tid til at s\u00e6tte fokus p\u00e5 vedvarende energi, holdbar v\u00e6kst og \u00f8get besk\u00e6ftigelse.<\/p>\n<p>Det har befolkningen nu stillet De Gr\u00f8nne i spidsen for, Skriver SF i sin pressemeddelelse fra EU.<\/p>\n<p>For yderlig l\u00e6sning<\/p>\n<p><a href=\"https:\/\/sf.dk\/\" target=\"_blank\" rel=\"noopener noreferrer\"><span style=\"text-decoration: underline;\">\/sf.dk\/seneste-nyt<\/span><\/a><\/p>\n","protected":false},"excerpt":{"rendered":"<p>Historisk sejr til De Gr\u00f8nne i den tyske delstat Baden-W\u00fcrttemberg. De Gr\u00f8nne fordobler deres opbakning til 24,2 pct. og st\u00e5r til at f\u00e5 deres f\u00f8rste ministerpr\u00e6sident. Delstaten, der er dobbelt s\u00e5 stor som Danmark, er et \u00f8konomisk kraftcenter i Tyskland. Skriver SF i sin Pressemeddelelse -Og forts\u00e6tter Den har v\u00e6ret ledet af Merkels kristendemokraterne i [&hellip;]<\/p>\n","protected":false},"author":10,"featured_media":0,"comment_status":"open","ping_status":"closed","sticky":false,"template":"","format":"standard","meta":{"footnotes":""},"categories":[1],"tags":[],"class_list":["post-18718","post","type-post","status-publish","format-standard","hentry","category-df-nyt-dk"],"_links":{"self":[{"href":"https:\/\/df-nyt.dk\/blog\/wp-json\/wp\/v2\/posts\/18718","targetHints":{"allow":["GET"]}}],"collection":[{"href":"https:\/\/df-nyt.dk\/blog\/wp-json\/wp\/v2\/posts"}],"about":[{"href":"https:\/\/df-nyt.dk\/blog\/wp-json\/wp\/v2\/types\/post"}],"author":[{"embeddable":true,"href":"https:\/\/df-nyt.dk\/blog\/wp-json\/wp\/v2\/users\/10"}],"replies":[{"embeddable":true,"href":"https:\/\/df-nyt.dk\/blog\/wp-json\/wp\/v2\/comments?post=18718"}],"version-history":[{"count":2,"href":"https:\/\/df-nyt.dk\/blog\/wp-json\/wp\/v2\/posts\/18718\/revisions"}],"predecessor-version":[{"id":106665,"href":"https:\/\/df-nyt.dk\/blog\/wp-json\/wp\/v2\/posts\/18718\/revisions\/106665"}],"wp:attachment":[{"href":"https:\/\/df-nyt.dk\/blog\/wp-json\/wp\/v2\/media?parent=18718"}],"wp:term":[{"taxonomy":"category","embeddable":true,"href":"https:\/\/df-nyt.dk\/blog\/wp-json\/wp\/v2\/categories?post=18718"},{"taxonomy":"post_tag","embeddable":true,"href":"https:\/\/df-nyt.dk\/blog\/wp-json\/wp\/v2\/tags?post=18718"}],"curies":[{"name":"wp","href":"https:\/\/api.w.org\/{rel}","templated":true}]}}