{"id":18725,"date":"2011-03-28T10:36:41","date_gmt":"2011-03-28T09:36:41","guid":{"rendered":"http:\/\/df-nyt.dk\/?p=18725"},"modified":"2024-10-13T15:18:41","modified_gmt":"2024-10-13T13:18:41","slug":"dansk-folkeparti-politiker-lyver-i-sin-valgvideo","status":"publish","type":"post","link":"https:\/\/df-nyt.dk\/blog\/dansk-folkeparti-politiker-lyver-i-sin-valgvideo\/","title":{"rendered":"Dansk Folkeparti-politiker lyver i sin valgvideo"},"content":{"rendered":"<p><img loading=\"lazy\" decoding=\"async\" class=\"alignleft \" title=\"280320111134\" src=\"https:\/\/df-nyt.dk\/\/wp-content\/uploads\/280320111134.png\" alt=\"\" width=\"200\" height=\"171\" \/>Dansk Folkeparti-politiker lyver i sin valgvideo<br \/>\nAlex Ahrendtsen, folketingskandidat for Dansk Folkeparti Fyn, lyver i sin nye valgvideo og spiller p\u00e5 fremmedfrygten.<\/p>\n<p>Til toner som rippet ud af en skr\u00e6kfilm, ser man Alex Ahrendtsen, folketingskandidat for Dansk Folkeparti Fyn, \u00e5bne d\u00f8ren op for en polsk talende hjemmer\u00f8ver, der fors\u00f8ger med en lang kniv at true sig ind.<\/p>\n<p>Budskabet i den omkring 30 sekunders korte valgvideo, er at man skal stemme p\u00e5 Alex Ahrendtsen personligt og st\u00f8tte Dansk Folkepartis \u00f8nske, om at f\u00e5 gr\u00e6nsekontrol tilbage, hvis man \u00f8nsker at stoppe hjemmer\u00f8verierne. Skriver Margrethe S. Hansen p\u00e5 <a href=\"http:\/\/p77.dk\/politik-a-verden\/danmark\/471-df-politiker-lyver-i-sin-valgvideo\" target=\"_blank\" rel=\"noopener noreferrer\"><span style=\"text-decoration: underline;\">\/\/Netmagasinet P77.dk<\/span><\/a><\/p>\n<p>-Og forts\u00e6tter.<br \/>\nDer er bare det at.<br \/>\n-Det er en myte, at kriminelle fra de tidligere \u00f8stlande st\u00e5r bag hovedparten af hjemmer\u00f8verierne i Danmark.<\/p>\n<p>Det viser en analyse, som Morgenavisen Jyllands-Posten har foretaget af 30 r\u00f8verier med 50 d\u00f8mte i en periode p\u00e5 n\u00e6sten 16 m\u00e5neder frem til den 1. august 2009.<\/p>\n<p>Kun \u00e9n af de 50 d\u00f8mte var fra et af de tidligere \u00f8stlande.<br \/>\nManden fra det tidligere Jugoslavien var en af i alt seks udenlandske statsborgere, som blev d\u00f8mt.<\/p>\n<p>De resterende 44 var danske statsborgere.<br \/>\nP\u00e5 n\u00e6r fire var alle m\u00e6nd, flest mellem 15 og 25 \u00e5r, fire af fem havde en ofte lang kriminel l\u00f8bebane, og i to af tre r\u00f8verier blev ofrene udsat for fysisk vold.<\/p>\n<p>-Billedet af horder af \u00f8steurop\u00e6iske, organiserede kriminelle, der kommer til Danmark og laver hjemmer\u00f8verier, er prim\u00e6rt skabt af medierne, siger chefen for Rigspolitiets Nationale Efterforskningscenter, til Jyllands-Posten.<\/p>\n<p>Reference<br \/>\n<a href=\"http:\/\/p77.dk\/politik-a-verden\/danmark\/471-df-politiker-lyver-i-sin-valgvideo\" target=\"_blank\" rel=\"noopener noreferrer\"><span style=\"text-decoration: underline;\">Netmagasinet P77.dk &#8211; \/\/p77.dk\/politik-a-verden\/danmark\/df-politiker-lyver-i-sin-valgvideo<\/span><\/a><\/p>\n<p>For yderlig l\u00e6sning<\/p>\n<p><a href=\"https:\/\/df-nyt.dk\/?p=4361\" target=\"_blank\" rel=\"noopener noreferrer\"><span style=\"text-decoration: underline;\">Dansk Folkepartis pressechef erkender, at han l\u00f8j<\/span><\/a><br \/>\n&nbsp;<br \/>\n<a href=\"https:\/\/df-nyt.dk\/?p=6864\" target=\"_blank\" rel=\"noopener noreferrer\"><span style=\"text-decoration: underline;\">Dansk Folkeparti: Afskaf den gratis frokostpause<\/span><\/a><br \/>\n&nbsp;<br \/>\n<a href=\"https:\/\/df-nyt.dk\/?p=15291\" target=\"_blank\" rel=\"noopener noreferrer\"><span style=\"text-decoration: underline;\">Netmagasinet P77.dk-Folketingskandidat p\u00e5 Fyn Alex Ahrendtsen anmeldt for racisme<\/span><\/a><\/p>\n","protected":false},"excerpt":{"rendered":"<p>Dansk Folkeparti-politiker lyver i sin valgvideo Alex Ahrendtsen, folketingskandidat for Dansk Folkeparti Fyn, lyver i sin nye valgvideo og spiller p\u00e5 fremmedfrygten. Til toner som rippet ud af en skr\u00e6kfilm, ser man Alex Ahrendtsen, folketingskandidat for Dansk Folkeparti Fyn, \u00e5bne d\u00f8ren op for en polsk talende hjemmer\u00f8ver, der fors\u00f8ger med en lang kniv at true [&hellip;]<\/p>\n","protected":false},"author":10,"featured_media":0,"comment_status":"open","ping_status":"closed","sticky":false,"template":"","format":"standard","meta":{"footnotes":""},"categories":[1],"tags":[],"class_list":["post-18725","post","type-post","status-publish","format-standard","hentry","category-df-nyt-dk"],"_links":{"self":[{"href":"https:\/\/df-nyt.dk\/blog\/wp-json\/wp\/v2\/posts\/18725","targetHints":{"allow":["GET"]}}],"collection":[{"href":"https:\/\/df-nyt.dk\/blog\/wp-json\/wp\/v2\/posts"}],"about":[{"href":"https:\/\/df-nyt.dk\/blog\/wp-json\/wp\/v2\/types\/post"}],"author":[{"embeddable":true,"href":"https:\/\/df-nyt.dk\/blog\/wp-json\/wp\/v2\/users\/10"}],"replies":[{"embeddable":true,"href":"https:\/\/df-nyt.dk\/blog\/wp-json\/wp\/v2\/comments?post=18725"}],"version-history":[{"count":3,"href":"https:\/\/df-nyt.dk\/blog\/wp-json\/wp\/v2\/posts\/18725\/revisions"}],"predecessor-version":[{"id":98018,"href":"https:\/\/df-nyt.dk\/blog\/wp-json\/wp\/v2\/posts\/18725\/revisions\/98018"}],"wp:attachment":[{"href":"https:\/\/df-nyt.dk\/blog\/wp-json\/wp\/v2\/media?parent=18725"}],"wp:term":[{"taxonomy":"category","embeddable":true,"href":"https:\/\/df-nyt.dk\/blog\/wp-json\/wp\/v2\/categories?post=18725"},{"taxonomy":"post_tag","embeddable":true,"href":"https:\/\/df-nyt.dk\/blog\/wp-json\/wp\/v2\/tags?post=18725"}],"curies":[{"name":"wp","href":"https:\/\/api.w.org\/{rel}","templated":true}]}}