{"id":18733,"date":"2011-03-28T11:06:45","date_gmt":"2011-03-28T10:06:45","guid":{"rendered":"http:\/\/df-nyt.dk\/?p=18733"},"modified":"2026-01-02T21:12:06","modified_gmt":"2026-01-02T20:12:06","slug":"karing-af-de-vaerste-politiske-hjemmesider","status":"publish","type":"post","link":"https:\/\/df-nyt.dk\/blog\/karing-af-de-vaerste-politiske-hjemmesider\/","title":{"rendered":"K\u00e5ring af de v\u00e6rste politiske hjemmesider"},"content":{"rendered":"<p>K\u00e5ring af de v\u00e6rste politiske hjemmesider<\/p>\n<p>S\u00e5 n\u00e6rmer folketingsvalget sig, og vi vil her p\u00e5 Modpress g\u00f8re noget for at forbedre kvaliteten af de politiske kandidaters hjemmesider, for der er godt nok plads til forbedringer!<\/p>\n<p>Vi vil k\u00e5re de 10 v\u00e6rste politiske hjemmesider og der er kandidater nok.<\/p>\n<p>Men nu skal blogl\u00e6serne jo ogs\u00e5 have en mulighed for at komme med indspark,<br \/>\ns\u00e5 skriv eventuelle kandidater i kommentarfelterne.<\/p>\n<p><img loading=\"lazy\" decoding=\"async\" class=\"size-full wp-image-18735 alignnone\" title=\"280320111203\" src=\"https:\/\/df-nyt.dk\/blog\/wp-content\/uploads\/280320111203.png\" alt=\"\" width=\"477\" height=\"142\" srcset=\"https:\/\/df-nyt.dk\/blog\/wp-content\/uploads\/280320111203.png 477w, https:\/\/df-nyt.dk\/blog\/wp-content\/uploads\/280320111203-400x119.png 400w\" sizes=\"auto, (max-width: 477px) 100vw, 477px\" \/><\/p>\n<p>Mine to favoritter indtil videre er: &#8230;<\/p>\n<p>Skriver Allan, p\u00e5<span style=\"text-decoration: underline;\"> MODPRESS<\/span> og slutter af med f\u00f8lgende:<\/p>\n<p>Der skal naturligvis v\u00e6re en sammenh\u00e6ng mellem hjemmesidens kvalitet og hvor vigtig personen er rent politisk \u2013 s\u00e5 hav det in mente n\u00e5r I g\u00e5r p\u00e5 jagt.<\/p>\n<p>M\u00e5 den v\u00e6rste hjemmeside vinde!-<\/p>\n<p>For yderlig l\u00e6sning.<br \/>\n&nbsp;<br \/>\n<a href=\"http:\/\/df-nyt.dk\/?p=18725\"><span style=\"text-decoration: underline;\">DF-politiker lyver i sin valgvideo<\/span><\/a><br \/>\n&nbsp;<br \/>\n<a href=\"http:\/\/df-nyt.dk\/?p=4361\"><span style=\"text-decoration: underline;\">\u2019Dansk Folkepartis pressechef erkender, at han l\u00f8j \u2026<\/span><\/a><br \/>\n&nbsp;<br \/>\n<a href=\"http:\/\/df-nyt.dk\/?p=6251\"><span style=\"text-decoration: underline;\">Myndighederne sylter konventionsbrud og smider ting v\u00e6k<\/span><\/a><br \/>\n&nbsp;<\/p>\n","protected":false},"excerpt":{"rendered":"<p>K\u00e5ring af de v\u00e6rste politiske hjemmesider S\u00e5 n\u00e6rmer folketingsvalget sig, og vi vil her p\u00e5 Modpress g\u00f8re noget for at forbedre kvaliteten af de politiske kandidaters hjemmesider, for der er godt nok plads til forbedringer! Vi vil k\u00e5re de 10 v\u00e6rste politiske hjemmesider og der er kandidater nok. Men nu skal blogl\u00e6serne jo ogs\u00e5 have [&hellip;]<\/p>\n","protected":false},"author":10,"featured_media":0,"comment_status":"open","ping_status":"closed","sticky":false,"template":"","format":"standard","meta":{"footnotes":""},"categories":[1],"tags":[],"class_list":["post-18733","post","type-post","status-publish","format-standard","hentry","category-df-nyt-dk"],"_links":{"self":[{"href":"https:\/\/df-nyt.dk\/blog\/wp-json\/wp\/v2\/posts\/18733","targetHints":{"allow":["GET"]}}],"collection":[{"href":"https:\/\/df-nyt.dk\/blog\/wp-json\/wp\/v2\/posts"}],"about":[{"href":"https:\/\/df-nyt.dk\/blog\/wp-json\/wp\/v2\/types\/post"}],"author":[{"embeddable":true,"href":"https:\/\/df-nyt.dk\/blog\/wp-json\/wp\/v2\/users\/10"}],"replies":[{"embeddable":true,"href":"https:\/\/df-nyt.dk\/blog\/wp-json\/wp\/v2\/comments?post=18733"}],"version-history":[{"count":2,"href":"https:\/\/df-nyt.dk\/blog\/wp-json\/wp\/v2\/posts\/18733\/revisions"}],"predecessor-version":[{"id":110622,"href":"https:\/\/df-nyt.dk\/blog\/wp-json\/wp\/v2\/posts\/18733\/revisions\/110622"}],"wp:attachment":[{"href":"https:\/\/df-nyt.dk\/blog\/wp-json\/wp\/v2\/media?parent=18733"}],"wp:term":[{"taxonomy":"category","embeddable":true,"href":"https:\/\/df-nyt.dk\/blog\/wp-json\/wp\/v2\/categories?post=18733"},{"taxonomy":"post_tag","embeddable":true,"href":"https:\/\/df-nyt.dk\/blog\/wp-json\/wp\/v2\/tags?post=18733"}],"curies":[{"name":"wp","href":"https:\/\/api.w.org\/{rel}","templated":true}]}}