{"id":18833,"date":"2011-03-30T12:54:36","date_gmt":"2011-03-30T11:54:36","guid":{"rendered":"http:\/\/df-nyt.dk\/?p=18833"},"modified":"2024-11-25T22:30:48","modified_gmt":"2024-11-25T21:30:48","slug":"facebook-vennerne-skriver-fra-verdens-braendpunkter","status":"publish","type":"post","link":"https:\/\/df-nyt.dk\/blog\/facebook-vennerne-skriver-fra-verdens-braendpunkter\/","title":{"rendered":"Facebook-vennerne skriver fra verdens br\u00e6ndpunkter"},"content":{"rendered":"<p><img loading=\"lazy\" decoding=\"async\" class=\"alignleft  \" src=\"https:\/\/df-nyt.dk\/wp-content\/uploads\/300320111346.png\" alt=\"\" width=\"184\" height=\"152\" \/><\/p>\n<p>Facebook-vennerne skriver fra verdens br\u00e6ndpunkter<br \/>\nBenno Hansen har spurgt nogen af sine Facebook-venner om, hvordan de personligt har det med pludseligt at befinde sig midt i en revolution eller en naturkatastrofe.<\/p>\n<p>Jeg er sikkert ikke den eneste, der har &#8220;friends&#8221; fra n\u00e6r og fjern p\u00e5 bl.a. Facebook, og som oplever at nogle af dem pludseligt befinder sig midt i en katastrofesituation.<\/p>\n<p>Det er lige nu lidt specielt for mig at l\u00e6se status-opdateringer fra b\u00e5de Libyen og Elfensbenskysten samtidig med, jeg kan se anden- eller tredieh\u00e5ndsrapporter p\u00e5 de danske TV-stationer.<\/p>\n<p>Da f\u00f8rsteh\u00e5nds-fort\u00e6llingerne adskiller sig v\u00e6sentligt fra vores mediers udl\u00e6gning, kunne jeg ikke dy mig for at f\u00e5 tilladelse til at overs\u00e6tte lidt fra deres v\u00e6gge og spurgte samtidig lidt ind til deres hverdag.<\/p>\n<p>F\u00f8rst og fremmest spurgte jeg ind til, hvorfor de overhovedet opholder sig s\u00e5 farlige steder.<br \/>\nHvorfor er de ikke bare taget hjem?<\/p>\n<p>-Adam, er faktisk nu fl\u00f8jet til Holland, hvorfra han svarer<br \/>\n-Jeg kom for at bes\u00f8ge en ven, der studerer i Tripoli.<br \/>\nDa jeg planlagde min rejse, jeg vidste ikke, hvad der ville ske,<br \/>\nSkriver Hansen p\u00e5 netmediet-p77.dk<\/p>\n<p>Reference<br \/>\n<a href=\"http:\/\/p77.dk\/samfund-mennesker\/mennesker\/472-facebook-vennerne-skriver-fra-verdens-braendpunkter\"><span style=\"text-decoration: underline;\">\/\/Net-Avisen P77.dk\/samfund\/mennesker\/facebook-vennerne-skriver-fra-verdens-braendpunkter<\/span><\/a><\/p>\n<p>For yderlig l\u00e6sning<\/p>\n<p><a href=\"https:\/\/df-nyt.dk\/?p=18339\/\" target=\"_blank\" rel=\"noopener noreferrer\"><span style=\"text-decoration: underline;\">Marokkanerne p\u00e5 gaderne i protestdemostration for demokrati, menneskerettigheder og social retf\u00e6rdighed<\/span><\/a><\/p>\n","protected":false},"excerpt":{"rendered":"<p>Facebook-vennerne skriver fra verdens br\u00e6ndpunkter Benno Hansen har spurgt nogen af sine Facebook-venner om, hvordan de personligt har det med pludseligt at befinde sig midt i en revolution eller en naturkatastrofe. Jeg er sikkert ikke den eneste, der har &#8220;friends&#8221; fra n\u00e6r og fjern p\u00e5 bl.a. Facebook, og som oplever at nogle af dem pludseligt [&hellip;]<\/p>\n","protected":false},"author":10,"featured_media":0,"comment_status":"open","ping_status":"closed","sticky":false,"template":"","format":"standard","meta":{"footnotes":""},"categories":[1],"tags":[],"class_list":["post-18833","post","type-post","status-publish","format-standard","hentry","category-df-nyt-dk"],"_links":{"self":[{"href":"https:\/\/df-nyt.dk\/blog\/wp-json\/wp\/v2\/posts\/18833","targetHints":{"allow":["GET"]}}],"collection":[{"href":"https:\/\/df-nyt.dk\/blog\/wp-json\/wp\/v2\/posts"}],"about":[{"href":"https:\/\/df-nyt.dk\/blog\/wp-json\/wp\/v2\/types\/post"}],"author":[{"embeddable":true,"href":"https:\/\/df-nyt.dk\/blog\/wp-json\/wp\/v2\/users\/10"}],"replies":[{"embeddable":true,"href":"https:\/\/df-nyt.dk\/blog\/wp-json\/wp\/v2\/comments?post=18833"}],"version-history":[{"count":1,"href":"https:\/\/df-nyt.dk\/blog\/wp-json\/wp\/v2\/posts\/18833\/revisions"}],"predecessor-version":[{"id":107088,"href":"https:\/\/df-nyt.dk\/blog\/wp-json\/wp\/v2\/posts\/18833\/revisions\/107088"}],"wp:attachment":[{"href":"https:\/\/df-nyt.dk\/blog\/wp-json\/wp\/v2\/media?parent=18833"}],"wp:term":[{"taxonomy":"category","embeddable":true,"href":"https:\/\/df-nyt.dk\/blog\/wp-json\/wp\/v2\/categories?post=18833"},{"taxonomy":"post_tag","embeddable":true,"href":"https:\/\/df-nyt.dk\/blog\/wp-json\/wp\/v2\/tags?post=18833"}],"curies":[{"name":"wp","href":"https:\/\/api.w.org\/{rel}","templated":true}]}}