{"id":18866,"date":"2011-03-31T00:31:14","date_gmt":"2011-03-30T23:31:14","guid":{"rendered":"http:\/\/df-nyt.dk\/?p=18866"},"modified":"2018-04-30T16:27:03","modified_gmt":"2018-04-30T14:27:03","slug":"facebook-demo-samler-tusinder","status":"publish","type":"post","link":"https:\/\/df-nyt.dk\/blog\/facebook-demo-samler-tusinder\/","title":{"rendered":"Facebook-demo samler tusinder"},"content":{"rendered":"<p><strong> Budskabet er enkelt: Vi tager Danmark tilbage &#8211; Afskaf VKO!<\/strong><\/p>\n<p>Sv\u00e6rt at misforst\u00e5.<\/p>\n<p>Over 5.000 deltager har nu meldt sig til demonstrationen den 2. april i K\u00f8benhavn mod VKO samarbejdet.<\/p>\n<p>Men egentlig er demostrationen nok ogs\u00e5 en makering af at valgkampen er startet.<\/p>\n<p><a href=\"https:\/\/df-nyt.dk\/blog\/wp-content\/uploads\/3103201100161.png\"><img loading=\"lazy\" decoding=\"async\" class=\"aligncenter size-full wp-image-18872\" title=\"310320110016\" src=\"https:\/\/df-nyt.dk\/blog\/wp-content\/uploads\/3103201100161.png\" alt=\"\" width=\"726\" height=\"385\" srcset=\"https:\/\/df-nyt.dk\/blog\/wp-content\/uploads\/3103201100161.png 726w, https:\/\/df-nyt.dk\/blog\/wp-content\/uploads\/3103201100161-400x212.png 400w\" sizes=\"auto, (max-width: 726px) 100vw, 726px\" \/><\/a><\/p>\n<p><strong>Demo&#8217;en er denne gang speciel, fordi den udelukkende er opst\u00e5et, organiseret og mobiliseret via den sociale netv\u00e6rksside Facebook.<\/strong><\/p>\n<p>Men det er ikke f\u00f8rste gang at man via internettet har mobliseret en demostration i K\u00f8benhavns gader.<\/p>\n<p>F\u00f8rste gang, blev initativet startet op via en mailk\u00e6de som bredte sig til Facebook,<br \/>\nog var en demonstration for mangfoldighed den 10 januar 2009.<\/p>\n<p><a href=\"https:\/\/df-nyt.dk\/blog\/wp-content\/uploads\/310320110046.png\"><img loading=\"lazy\" decoding=\"async\" class=\"aligncenter size-full wp-image-18870\" title=\"310320110046\" src=\"https:\/\/df-nyt.dk\/blog\/wp-content\/uploads\/310320110046.png\" alt=\"\" width=\"604\" height=\"391\" srcset=\"https:\/\/df-nyt.dk\/blog\/wp-content\/uploads\/310320110046.png 604w, https:\/\/df-nyt.dk\/blog\/wp-content\/uploads\/310320110046-400x258.png 400w\" sizes=\"auto, (max-width: 604px) 100vw, 604px\" \/><\/a><\/p>\n<p>Deltagere m\u00f8dte op p\u00e5 den kolde januar aften og gik i fakkeltog fra Christiansborgs slotsplads til R\u00e5dhuspladsen<\/p>\n<p style=\"text-align: center;\"><a href=\"https:\/\/df-nyt.dk\/blog\/wp-content\/uploads\/3103201100411.png\"><img loading=\"lazy\" decoding=\"async\" class=\"aligncenter size-full wp-image-18869\" title=\"310320110041\" src=\"https:\/\/df-nyt.dk\/blog\/wp-content\/uploads\/3103201100411.png\" alt=\"\" width=\"181\" height=\"242\" \/><\/a><\/p>\n<p style=\"text-align: center;\">Initativtageren, vis navn jeg desv\u00e6rre har glemt, var overv\u00e6ldet over det store fremm\u00f8de.<\/p>\n<p>&nbsp;<\/p>\n<p><strong>For yderlig l\u00e6sning.<\/strong><\/p>\n<p>&nbsp;<br \/>\n<a href=\"http:\/\/df-nyt.dk\/?p=18994\"><span style=\"text-decoration: underline;\"><strong>Tusinder i Facebook-demo p\u00e5 \u00e5rets f\u00f8rste for\u00e5rsdag <\/strong><\/span><\/a><\/p>\n<p>&nbsp;<br \/>\n<a href=\"http:\/\/df-nyt.dk\/?p=7870\"><span style=\"text-decoration: underline;\"><strong>Mindeaften i Brorsons Kirke<\/strong><\/span><\/a><\/p>\n<p>&nbsp;<br \/>\n<a href=\"http:\/\/df-nyt.dk\/?p=18725\"><span style=\"text-decoration: underline;\"><strong>DF-politiker lyver i sin valgvideo <\/strong><\/span><\/a><\/p>\n<p>&nbsp;<\/p>\n","protected":false},"excerpt":{"rendered":"<p>Budskabet er enkelt: Vi tager Danmark tilbage &#8211; Afskaf VKO! Sv\u00e6rt at misforst\u00e5. Over 5.000 deltager har nu meldt sig til demonstrationen den 2. april i K\u00f8benhavn mod VKO samarbejdet. Men egentlig er demostrationen nok ogs\u00e5 en makering af at valgkampen er startet. Demo&#8217;en er denne gang speciel, fordi den udelukkende er opst\u00e5et, organiseret og [&hellip;]<\/p>\n","protected":false},"author":10,"featured_media":0,"comment_status":"open","ping_status":"closed","sticky":false,"template":"","format":"standard","meta":{"footnotes":""},"categories":[1],"tags":[],"class_list":["post-18866","post","type-post","status-publish","format-standard","hentry","category-df-nyt-dk"],"_links":{"self":[{"href":"https:\/\/df-nyt.dk\/blog\/wp-json\/wp\/v2\/posts\/18866","targetHints":{"allow":["GET"]}}],"collection":[{"href":"https:\/\/df-nyt.dk\/blog\/wp-json\/wp\/v2\/posts"}],"about":[{"href":"https:\/\/df-nyt.dk\/blog\/wp-json\/wp\/v2\/types\/post"}],"author":[{"embeddable":true,"href":"https:\/\/df-nyt.dk\/blog\/wp-json\/wp\/v2\/users\/10"}],"replies":[{"embeddable":true,"href":"https:\/\/df-nyt.dk\/blog\/wp-json\/wp\/v2\/comments?post=18866"}],"version-history":[{"count":2,"href":"https:\/\/df-nyt.dk\/blog\/wp-json\/wp\/v2\/posts\/18866\/revisions"}],"predecessor-version":[{"id":96829,"href":"https:\/\/df-nyt.dk\/blog\/wp-json\/wp\/v2\/posts\/18866\/revisions\/96829"}],"wp:attachment":[{"href":"https:\/\/df-nyt.dk\/blog\/wp-json\/wp\/v2\/media?parent=18866"}],"wp:term":[{"taxonomy":"category","embeddable":true,"href":"https:\/\/df-nyt.dk\/blog\/wp-json\/wp\/v2\/categories?post=18866"},{"taxonomy":"post_tag","embeddable":true,"href":"https:\/\/df-nyt.dk\/blog\/wp-json\/wp\/v2\/tags?post=18866"}],"curies":[{"name":"wp","href":"https:\/\/api.w.org\/{rel}","templated":true}]}}