{"id":18879,"date":"2011-03-31T06:28:22","date_gmt":"2011-03-31T05:28:22","guid":{"rendered":"http:\/\/df-nyt.dk\/?p=18879"},"modified":"2024-11-26T08:36:15","modified_gmt":"2024-11-26T07:36:15","slug":"stotte-til-racismen-bidrager-til-mere-racisme","status":"publish","type":"post","link":"https:\/\/df-nyt.dk\/blog\/stotte-til-racismen-bidrager-til-mere-racisme\/","title":{"rendered":"St\u00f8tte til racismen bidrager til mere racisme"},"content":{"rendered":"<p><img loading=\"lazy\" decoding=\"async\" class=\"alignleft  \" title=\"310320110719\" src=\"https:\/\/df-nyt.dk\/\/wp-content\/uploads\/310320110719.png\" alt=\"\" width=\"262\" height=\"190\" \/>St\u00f8tte til racismen bidrager til mere racisme<\/p>\n<p>Det er vi nok nogen, der viste i forvejen.<\/p>\n<p>Men derfor er det jo ingen skade til at f\u00e5 det bekr\u00e6ftet i en rapport, en gang imellem alligevel.<\/p>\n<p>Der er et tydeligt sammenh\u00e6ng i styrken af racisme og til bredden af politiske partier som bidrager til at\u00a0legitimere populistisk racisme.<\/p>\n<p>N\u00e5r andre partier vil blive h\u00e5rdere i flygtninge og indvandrere sp\u00f8rgsm\u00e5l, s\u00e5 vil st\u00f8tten til Sverige demokraterne stige p\u00e5 kommunalt plan.<\/p>\n<p>Det viser en ny rapport fra forskere p\u00e5 University of G\u00f6teborg.<br \/>\nSverige demokraterne er i Sverige, stort set hvad Dansk Folkeparti er i Danmark, bare med den v\u00e6sentlige forskel, at svenskerne generelt set g\u00f8r hvad de kan for at s\u00e6tte dem udenfor den politiske dagsorden.<\/p>\n<p>BAGGRUND<br \/>\nRapporten er baseret p\u00e5 en unders\u00f8gelse i efter\u00e5ret 2008.<\/p>\n<p>13 000 lokale politikere blev spurgt i flere fag, herunder flygtninge-og indvandringspolitik.<\/p>\n<p>Svar p\u00e5 unders\u00f8gelsen, i alt 70 procent.<br \/>\nI 98 procent af Sveriges 290 kommuner, over 50 procent af de adspurgte politikere.<\/p>\n<p>Svarene blev derefter sammenlignet med de kommunale valgresultater i efter\u00e5ret 2010.<\/p>\n<p>&#8211; Hvis et parti bliver h\u00e5rdere i indvandrer-og flygtningesp\u00f8rgsm\u00e5l, har det ingen effekt p\u00e5 Sveriges Demokraternes v\u00e6lgertilslutning.<\/p>\n<p>Men hvis de fleste af de etablerede partier bliver h\u00e5rdere, vil det snarere hj\u00e6lpe Sverige Demokraterne, end den hindrer dem, &#8220;siger politologen Carl Dahlstr\u00f6m til netmediet \/\/expo.se\/<\/p>\n<p>Det er Carl Dahlstr\u00f8m, der sammen med politologen Anders Sundell har udarbejdet rapporten.<\/p>\n<p>Carl Dahlstr\u00f8m siger, at det er sv\u00e6rt at sige, hvorfor det er p\u00e5 denne m\u00e5de.<\/p>\n<p>Men andre politikereres strengere holdning kan have skabt en legitimering til at stemme p\u00e5 Sverige Demokraterne. Skriver \/\/expo.se\/netmediet EXPO<\/p>\n<p>Vi har set, og oplevet stort set det samme her i landet, -og Dansk Folkeparti er g\u00e5et frem ved samtlige folketingsvalg siden partiet blev dannet, p\u00e5 n\u00e6r et,\u00a0folketingsvalget i september 2011.<\/p>\n<p>Reference<br \/>\nNet-mediet \/\/expo.se\/<\/p>\n<p>For yderlig l\u00e6sning<\/p>\n<p><a href=\"https:\/\/df-nyt.dk\/?p=18037\" target=\"_blank\" rel=\"noopener noreferrer\"><span style=\"text-decoration: underline;\">M\u00f8d forfatterinde bag bogen \u2019Forkl\u00e6dt som nazist\u2019<\/span><\/a><br \/>\n&nbsp;<br \/>\n<a href=\"https:\/\/df-nyt.dk\/?p=7839\" target=\"_blank\" rel=\"noopener noreferrer\"><span style=\"text-decoration: underline;\">Blogger meldt til politiet <\/span><\/a><br \/>\n&nbsp;<br \/>\n<a href=\"https:\/\/df-nyt.dk\/?p=16540\" target=\"_blank\" rel=\"noopener noreferrer\"><span style=\"text-decoration: underline;\">Anmeldt for racisme, nu h\u00e6nger vennerne ham ud som \u2018martyr\u2019 <\/span><\/a><br \/>\n&nbsp;<br \/>\n<a href=\"https:\/\/df-nyt.dk\/?p=16151\" target=\"_blank\" rel=\"noopener noreferrer\"><span style=\"text-decoration: underline;\">Mikael Jalvings dr\u00f8m?<\/span><\/a><\/p>\n","protected":false},"excerpt":{"rendered":"<p>St\u00f8tte til racismen bidrager til mere racisme Det er vi nok nogen, der viste i forvejen. Men derfor er det jo ingen skade til at f\u00e5 det bekr\u00e6ftet i en rapport, en gang imellem alligevel. Der er et tydeligt sammenh\u00e6ng i styrken af racisme og til bredden af politiske partier som bidrager til at\u00a0legitimere populistisk [&hellip;]<\/p>\n","protected":false},"author":10,"featured_media":0,"comment_status":"open","ping_status":"closed","sticky":false,"template":"","format":"standard","meta":{"footnotes":""},"categories":[1],"tags":[],"class_list":["post-18879","post","type-post","status-publish","format-standard","hentry","category-df-nyt-dk"],"_links":{"self":[{"href":"https:\/\/df-nyt.dk\/blog\/wp-json\/wp\/v2\/posts\/18879","targetHints":{"allow":["GET"]}}],"collection":[{"href":"https:\/\/df-nyt.dk\/blog\/wp-json\/wp\/v2\/posts"}],"about":[{"href":"https:\/\/df-nyt.dk\/blog\/wp-json\/wp\/v2\/types\/post"}],"author":[{"embeddable":true,"href":"https:\/\/df-nyt.dk\/blog\/wp-json\/wp\/v2\/users\/10"}],"replies":[{"embeddable":true,"href":"https:\/\/df-nyt.dk\/blog\/wp-json\/wp\/v2\/comments?post=18879"}],"version-history":[{"count":1,"href":"https:\/\/df-nyt.dk\/blog\/wp-json\/wp\/v2\/posts\/18879\/revisions"}],"predecessor-version":[{"id":107101,"href":"https:\/\/df-nyt.dk\/blog\/wp-json\/wp\/v2\/posts\/18879\/revisions\/107101"}],"wp:attachment":[{"href":"https:\/\/df-nyt.dk\/blog\/wp-json\/wp\/v2\/media?parent=18879"}],"wp:term":[{"taxonomy":"category","embeddable":true,"href":"https:\/\/df-nyt.dk\/blog\/wp-json\/wp\/v2\/categories?post=18879"},{"taxonomy":"post_tag","embeddable":true,"href":"https:\/\/df-nyt.dk\/blog\/wp-json\/wp\/v2\/tags?post=18879"}],"curies":[{"name":"wp","href":"https:\/\/api.w.org\/{rel}","templated":true}]}}