{"id":18935,"date":"2011-04-01T09:16:15","date_gmt":"2011-04-01T08:16:15","guid":{"rendered":"http:\/\/df-nyt.dk\/?p=18935"},"modified":"2024-08-31T09:00:13","modified_gmt":"2024-08-31T07:00:13","slug":"sf-nye-pisa-tal-udstiller-regeringens-svigt","status":"publish","type":"post","link":"https:\/\/df-nyt.dk\/blog\/sf-nye-pisa-tal-udstiller-regeringens-svigt\/","title":{"rendered":"SF: Nye PISA-tal udstiller regeringens svigt"},"content":{"rendered":"<p><img loading=\"lazy\" decoding=\"async\" class=\"alignleft \" src=\"https:\/\/df-nyt.dk\/wp-content\/uploads\/0104201110131.png\" alt=\"\" width=\"302\" height=\"233\" \/><\/p>\n<p>If\u00f8lge en ny PISA-unders\u00f8gelse har 38% af de tosprogede elever i den danske folkeskole ikke tilstr\u00e6kkelige l\u00e6seevner til at kunne gennemf\u00f8re en ungdomsuddannelse. Skriver SF i sin pressemeddelelse<\/p>\n<p>\u2013og fors\u00e6tter<br \/>\nSFs integrationsordf\u00f8rer Astrid Krag og skoleordf\u00f8rer Pernille Vigs\u00f8 Bagge, er rystede og mener, der m\u00e5 investeres mere i folkeskolen, sikres to-l\u00e6rerordninger, et loft p\u00e5 antallet af elever i klasserne og efteruddannelse til l\u00e6rerne, for at rette op.<\/p>\n<p>Astrid Krag udtaler:<br \/>\nDen nye PISA-m\u00e5ling er dybt problematisk. Det er et k\u00e6mpe problem for integrationen, den enkeltes tilknytning til det danske samfund og vores arbejdsmarked i fremtiden.<\/p>\n<p>Det er magel\u00f8st, at undervisningsminister Troels Lund Poulsen nu siger, at der skal g\u00f8res noget. Man ved snart ikke, om man skal grine eller gr\u00e6de \u2013 der er tale om b\u00f8rn, der startede i skolen under den borgerlige regering.<\/p>\n<p>Nu kan vi ti \u00e5r senere konstatere, at problemet stadig er massivt. Nu m\u00e5 der handling til og ikke mere bragesnak fra regeringen.<\/p>\n<p>Pernille Vigs\u00f8 Bagge uddyber:<br \/>\nDer er slet ikke sket nok. Regeringen har siddet p\u00e5 h\u00e6nderne.<br \/>\nMen i SF er vi klar til at tr\u00e6kke i arbejdst\u00f8jet: vi foresl\u00e5r et massivt l\u00f8ft af folkeskolen p\u00e5 2 mia. \u00e5rligt, der ogs\u00e5 vil komme de svageste elever til gode.<\/p>\n<p>Vi vil s\u00e6tte ind med to-l\u00e6rer-ordninger i dansk og matematik i 1. 2. og 3. klasse, et loft p\u00e5 maksimalt 24 elever i klasserne og efteruddannelse til l\u00e6rere med boglige linjefag, som alle skal have dansk som andetsprog.<\/p>\n<p>Det er afg\u00f8rende vi f\u00e5r vendt udviklingen, det er ikke nok med ord l\u00e6ngere. Det m\u00e5 undervisningsministeren ogs\u00e5 forst\u00e5.<\/p>\n<p>For yderlig l\u00e6sning<\/p>\n<p><a href=\"http:\/\/sf.dk\/\" target=\"_blank\" rel=\"noopener noreferrer\"><u>Seneste nyt fra SF her<\/u><\/a><\/p>\n","protected":false},"excerpt":{"rendered":"<p>If\u00f8lge en ny PISA-unders\u00f8gelse har 38% af de tosprogede elever i den danske folkeskole ikke tilstr\u00e6kkelige l\u00e6seevner til at kunne gennemf\u00f8re en ungdomsuddannelse. Skriver SF i sin pressemeddelelse \u2013og fors\u00e6tter SFs integrationsordf\u00f8rer Astrid Krag og skoleordf\u00f8rer Pernille Vigs\u00f8 Bagge, er rystede og mener, der m\u00e5 investeres mere i folkeskolen, sikres to-l\u00e6rerordninger, et loft p\u00e5 antallet [&hellip;]<\/p>\n","protected":false},"author":10,"featured_media":0,"comment_status":"open","ping_status":"closed","sticky":false,"template":"","format":"standard","meta":{"footnotes":""},"categories":[1],"tags":[],"class_list":["post-18935","post","type-post","status-publish","format-standard","hentry","category-df-nyt-dk"],"_links":{"self":[{"href":"https:\/\/df-nyt.dk\/blog\/wp-json\/wp\/v2\/posts\/18935","targetHints":{"allow":["GET"]}}],"collection":[{"href":"https:\/\/df-nyt.dk\/blog\/wp-json\/wp\/v2\/posts"}],"about":[{"href":"https:\/\/df-nyt.dk\/blog\/wp-json\/wp\/v2\/types\/post"}],"author":[{"embeddable":true,"href":"https:\/\/df-nyt.dk\/blog\/wp-json\/wp\/v2\/users\/10"}],"replies":[{"embeddable":true,"href":"https:\/\/df-nyt.dk\/blog\/wp-json\/wp\/v2\/comments?post=18935"}],"version-history":[{"count":1,"href":"https:\/\/df-nyt.dk\/blog\/wp-json\/wp\/v2\/posts\/18935\/revisions"}],"predecessor-version":[{"id":104290,"href":"https:\/\/df-nyt.dk\/blog\/wp-json\/wp\/v2\/posts\/18935\/revisions\/104290"}],"wp:attachment":[{"href":"https:\/\/df-nyt.dk\/blog\/wp-json\/wp\/v2\/media?parent=18935"}],"wp:term":[{"taxonomy":"category","embeddable":true,"href":"https:\/\/df-nyt.dk\/blog\/wp-json\/wp\/v2\/categories?post=18935"},{"taxonomy":"post_tag","embeddable":true,"href":"https:\/\/df-nyt.dk\/blog\/wp-json\/wp\/v2\/tags?post=18935"}],"curies":[{"name":"wp","href":"https:\/\/api.w.org\/{rel}","templated":true}]}}