{"id":18940,"date":"2011-04-01T10:13:39","date_gmt":"2011-04-01T09:13:39","guid":{"rendered":"http:\/\/df-nyt.dk\/?p=18940"},"modified":"2018-01-30T20:08:09","modified_gmt":"2018-01-30T19:08:09","slug":"12-arig-dreng-tiltalt-for-angreb-pa-muslimsk-skolepige","status":"publish","type":"post","link":"https:\/\/df-nyt.dk\/blog\/12-arig-dreng-tiltalt-for-angreb-pa-muslimsk-skolepige\/","title":{"rendered":"12-\u00e5rig dreng tiltalt for angreb p\u00e5 muslimsk skolepige"},"content":{"rendered":"<p><strong><a href=\"https:\/\/df-nyt.dk\/blog\/wp-content\/uploads\/010420111112.png\"><img loading=\"lazy\" decoding=\"async\" class=\"size-full wp-image-18941 aligncenter\" title=\"010420111112\" src=\"https:\/\/df-nyt.dk\/blog\/wp-content\/uploads\/010420111112.png\" alt=\"\" width=\"502\" height=\"193\" \/><\/a><\/strong><\/p>\n<p>En 12-\u00e5rig skoledrengs ondskabsfulde angreb p\u00e5 en ung muslimsk klassekammerat har nu f\u00f8rt til anholdelse og tiltale for hade-forbrydelse.<\/p>\n<p>En 12-\u00e5rig skoledrengs ondskabsfulde angreb p\u00e5 en ung muslimsk klassekammerat, hvor han fors\u00f8gte at rive hendes religi\u00f8se t\u00f8rkl\u00e6de af i et uprovokeret raseri, endte med at han blev anholdt for hade-forbrydelser, meddelte myndighederne i g\u00e5r.<\/p>\n<p>&#8220;Er du muslim?&#8221;<\/p>\n<p>Har den unge Osman Daramy angiveligt skreget den 13-\u00e5rige pige ind i hovedet under angrebet p\u00e5 Dreyfus Intermediate School i Stapleton, oplyser politiet.<\/p>\n<p>Pigen fik alvorlige skrammer og en fl\u00e6kket l\u00e6be.<\/p>\n<p>Ofrets stores\u00f8ster fortalte The Post i g\u00e5r aftes, at hendes s\u00f8ster &#8220;har det fint.&#8221;<\/p>\n<p>&#8220;Hun gr\u00e6d da det skete, men hun er ok.&#8221;<\/p>\n<p>S\u00f8steren, der anmodede om, at hendes navn ikke blive n\u00e6vnt, sagde at offeret kaldte p\u00e5 deres \u00e6ldre bror under angrebet.<\/p>\n<p>&#8220;Min bror var ham, der ringede til politiet. Han blev vred, han \u00f8nskede at sl\u00e5 og banke den kn\u00e6gt, men han er \u00e6ldre, og besluttede at ringe efter politiet.&#8221;<\/p>\n<p>Osman blev l\u00e6nket, fik h\u00e5ndjern p\u00e5 da han anholdt og sat i varet\u00e6gtsf\u00e6ngsel i g\u00e5r, og sigtet for den grove forbrydelse, overfaldet som man betragter som en hade-forbrydelse.<\/p>\n<p><a href=\"http:\/\/www.nypost.com\/p\/news\/local\/staten_island\/muslim_bash_bust_for_tiny_terror_l8RVfAaCJ4rnQGfUn1fekI\" target=\"_blank\" rel=\"noopener\"><span style=\"text-decoration: underline;\"><strong>Du kan l\u00e6se mere HER<\/strong><\/span><\/a><\/p>\n<p><strong>L\u00e6s ogs\u00e5:<\/strong><\/p>\n<p><a href=\"http:\/\/df-nyt.dk\/?p=17132\" target=\"_blank\" rel=\"noopener\"><span style=\"text-decoration: underline;\"><strong>SIOA er en Hate Group og p\u00e5 samme liste som Ku Klux Klan <\/strong><\/span><\/a><\/p>\n<p>&nbsp;<br \/>\n<a href=\"http:\/\/df-nyt.dk\/?p=18168\" target=\"_blank\" rel=\"noopener\"><span style=\"text-decoration: underline;\"><strong>\u2018Hade-Bloggerer\u2019 folder sig ud p\u00e5 Jyllandsposten og rammer bunden <\/strong><\/span><\/a><\/p>\n<p><strong>**********************<\/strong><\/p>\n","protected":false},"excerpt":{"rendered":"<p>En 12-\u00e5rig skoledrengs ondskabsfulde angreb p\u00e5 en ung muslimsk klassekammerat har nu f\u00f8rt til anholdelse og tiltale for hade-forbrydelse. En 12-\u00e5rig skoledrengs ondskabsfulde angreb p\u00e5 en ung muslimsk klassekammerat, hvor han fors\u00f8gte at rive hendes religi\u00f8se t\u00f8rkl\u00e6de af i et uprovokeret raseri, endte med at han blev anholdt for hade-forbrydelser, meddelte myndighederne i g\u00e5r. &#8220;Er [&hellip;]<\/p>\n","protected":false},"author":10,"featured_media":0,"comment_status":"open","ping_status":"closed","sticky":false,"template":"","format":"standard","meta":{"footnotes":""},"categories":[1],"tags":[],"class_list":["post-18940","post","type-post","status-publish","format-standard","hentry","category-df-nyt-dk"],"_links":{"self":[{"href":"https:\/\/df-nyt.dk\/blog\/wp-json\/wp\/v2\/posts\/18940","targetHints":{"allow":["GET"]}}],"collection":[{"href":"https:\/\/df-nyt.dk\/blog\/wp-json\/wp\/v2\/posts"}],"about":[{"href":"https:\/\/df-nyt.dk\/blog\/wp-json\/wp\/v2\/types\/post"}],"author":[{"embeddable":true,"href":"https:\/\/df-nyt.dk\/blog\/wp-json\/wp\/v2\/users\/10"}],"replies":[{"embeddable":true,"href":"https:\/\/df-nyt.dk\/blog\/wp-json\/wp\/v2\/comments?post=18940"}],"version-history":[{"count":0,"href":"https:\/\/df-nyt.dk\/blog\/wp-json\/wp\/v2\/posts\/18940\/revisions"}],"wp:attachment":[{"href":"https:\/\/df-nyt.dk\/blog\/wp-json\/wp\/v2\/media?parent=18940"}],"wp:term":[{"taxonomy":"category","embeddable":true,"href":"https:\/\/df-nyt.dk\/blog\/wp-json\/wp\/v2\/categories?post=18940"},{"taxonomy":"post_tag","embeddable":true,"href":"https:\/\/df-nyt.dk\/blog\/wp-json\/wp\/v2\/tags?post=18940"}],"curies":[{"name":"wp","href":"https:\/\/api.w.org\/{rel}","templated":true}]}}