{"id":18951,"date":"2011-04-01T11:36:51","date_gmt":"2011-04-01T10:36:51","guid":{"rendered":"http:\/\/df-nyt.dk\/?p=18951"},"modified":"2024-12-03T20:06:40","modified_gmt":"2024-12-03T19:06:40","slug":"sf-vil-fjerne-ivaerksaettergebyret","status":"publish","type":"post","link":"https:\/\/df-nyt.dk\/blog\/sf-vil-fjerne-ivaerksaettergebyret\/","title":{"rendered":"SF vil fjerne iv\u00e6rks\u00e6ttergebyret"},"content":{"rendered":"<p><img loading=\"lazy\" decoding=\"async\" class=\"\" src=\"https:\/\/df-nyt.dk\/wp-content\/uploads\/010420111236.png\" alt=\"\" width=\"354\" height=\"268\" \/><br \/>\nRegeringen indf\u00f8rer fra i dag et gebyr p\u00e5 op til 2.150 kr. ved stiftelse og \u00e6ndring af aktie- og anpartsselskaber.<\/p>\n<p>Gebyret rammer s\u00e6rligt h\u00e5rdt i forhold til de iv\u00e6rks\u00e6ttervirksomheder, der skal skabe nye private arbejdspladser i Danmark.<\/p>\n<p>SFs v\u00e6kstordf\u00f8rer, Steen Gade, vil fjerne gebyrerne igen, hvis SF kommer i regering.<br \/>\nGebyrerne er et helt forkert signal til iv\u00e6rks\u00e6ttere og til de unge.<\/p>\n<p>SF vil fjerne gebyret, hvis vi f\u00e5r flertal efter et valg, siger Steen Gade, SFs v\u00e6kstordf\u00f8rer.<br \/>\nSteen Gade er p\u00e5 linie med Dansk Erhverv og H\u00e5ndv\u00e6rksr\u00e5det, der ogs\u00e5 protesterer. Skriver SF i sin pressemeddelelse<\/p>\n<p>\u2013og forts\u00e6tter<br \/>\nAlle ved, at Danmark mangler iv\u00e6rks\u00e6ttere og iv\u00e6rks\u00e6tterindstilling. Derfor er det helt utroligt, at regeringen nu indf\u00f8rer gebyr netop p\u00e5 iv\u00e6rks\u00e6tterselskaber.<\/p>\n<p>Han opfordrer regeringen til straks at aflyse gebyret.<br \/>\nRegeringen burde tr\u00e6kke gebyret tilbage allerede i dag, s\u00e5 det forbliver den 1. april sp\u00f8g, som det burde have v\u00e6ret.<\/p>\n<p>Pengene kan skaffes ved at fjerne penge- og realkreditinstitutionernes s\u00e6rlige rentefordel gennem henl\u00e6ggelser.<\/p>\n<p>Det vil indbringe 190 mio. kr., s\u00e5 det er rigeligt til at d\u00e6kke de ca. 50 mio. som gebyrordningen indbringer til staten.<\/p>\n<p>For yderlig l\u00e6sning<\/p>\n<p><a href=\"https:\/\/sf.dk\/nyheder\/\" target=\"_blank\" rel=\"noopener noreferrer\"><span style=\"text-decoration: underline;\">\/\/sf.dk\/seneste-nyt<\/span><\/a><br \/>\n&nbsp;<\/p>\n<p>&nbsp;<\/p>\n","protected":false},"excerpt":{"rendered":"<p>Regeringen indf\u00f8rer fra i dag et gebyr p\u00e5 op til 2.150 kr. ved stiftelse og \u00e6ndring af aktie- og anpartsselskaber. Gebyret rammer s\u00e6rligt h\u00e5rdt i forhold til de iv\u00e6rks\u00e6ttervirksomheder, der skal skabe nye private arbejdspladser i Danmark. SFs v\u00e6kstordf\u00f8rer, Steen Gade, vil fjerne gebyrerne igen, hvis SF kommer i regering. Gebyrerne er et helt forkert [&hellip;]<\/p>\n","protected":false},"author":10,"featured_media":0,"comment_status":"open","ping_status":"closed","sticky":false,"template":"","format":"standard","meta":{"footnotes":""},"categories":[1],"tags":[],"class_list":["post-18951","post","type-post","status-publish","format-standard","hentry","category-df-nyt-dk"],"_links":{"self":[{"href":"https:\/\/df-nyt.dk\/blog\/wp-json\/wp\/v2\/posts\/18951","targetHints":{"allow":["GET"]}}],"collection":[{"href":"https:\/\/df-nyt.dk\/blog\/wp-json\/wp\/v2\/posts"}],"about":[{"href":"https:\/\/df-nyt.dk\/blog\/wp-json\/wp\/v2\/types\/post"}],"author":[{"embeddable":true,"href":"https:\/\/df-nyt.dk\/blog\/wp-json\/wp\/v2\/users\/10"}],"replies":[{"embeddable":true,"href":"https:\/\/df-nyt.dk\/blog\/wp-json\/wp\/v2\/comments?post=18951"}],"version-history":[{"count":4,"href":"https:\/\/df-nyt.dk\/blog\/wp-json\/wp\/v2\/posts\/18951\/revisions"}],"predecessor-version":[{"id":107251,"href":"https:\/\/df-nyt.dk\/blog\/wp-json\/wp\/v2\/posts\/18951\/revisions\/107251"}],"wp:attachment":[{"href":"https:\/\/df-nyt.dk\/blog\/wp-json\/wp\/v2\/media?parent=18951"}],"wp:term":[{"taxonomy":"category","embeddable":true,"href":"https:\/\/df-nyt.dk\/blog\/wp-json\/wp\/v2\/categories?post=18951"},{"taxonomy":"post_tag","embeddable":true,"href":"https:\/\/df-nyt.dk\/blog\/wp-json\/wp\/v2\/tags?post=18951"}],"curies":[{"name":"wp","href":"https:\/\/api.w.org\/{rel}","templated":true}]}}