{"id":18960,"date":"2011-04-01T13:08:14","date_gmt":"2011-04-01T12:08:14","guid":{"rendered":"http:\/\/df-nyt.dk\/?p=18960"},"modified":"2026-01-13T09:36:10","modified_gmt":"2026-01-13T08:36:10","slug":"danmark-g%c3%b8r-krav-pa-havbund-ved-faer%c3%b8erne","status":"publish","type":"post","link":"https:\/\/df-nyt.dk\/blog\/danmark-g%c3%b8r-krav-pa-havbund-ved-faer%c3%b8erne\/","title":{"rendered":"Danmark g\u00f8r krav p\u00e5 havbund ved F\u00e6r\u00f8erne"},"content":{"rendered":"<p><img loading=\"lazy\" decoding=\"async\" class=\"alignleft  \" title=\"010420111359\" src=\"https:\/\/df-nyt.dk\/blog\/wp-content\/uploads\/010420111359.png\" alt=\"\" width=\"189\" height=\"153\" \/><br \/>\nEn dansk delegation har over for FN gjort krav p\u00e5 havbund syd for F\u00e6r\u00f8erne, som sandsynligvis gemmer p\u00e5 olie og gas<\/p>\n<p>Danmark vil sammen med F\u00e6r\u00f8erne have ret til at bore efter olie og gas i havbunden syd for F\u00e6r\u00f8erne.<\/p>\n<p>Derfor fremlagde en dansk-f\u00e6r\u00f8sk delegation torsdag et krav p\u00e5 omr\u00e5det over for den s\u00e5kaldte Kommission for Kontinentalsoklens Gr\u00e6nser (CLCS) ved FN-hovedkvarteret i New York.<\/p>\n<p>&#8211; Det er et s\u00e6rdeles vigtig arbejde, som tr\u00e6kker spor mange \u00e5r frem i tiden og som kan f\u00e5 stor betydning for hele Kongeriget, siger udenrigsminister Lene Espersen (K) om torsdagens freml\u00e6ggelse.<\/p>\n<p>Flere lande mener, at omr\u00e5det gemmer p\u00e5 v\u00e6rdifulde ressourcer som olie og gas.<\/p>\n<p>Omr\u00e5det kan potentielt have stor \u00f8konomisk betydning.<br \/>\nInden 2014 vil Danmark i samarbejde med Gr\u00f8nland og F\u00e6r\u00f8erne fors\u00f8ge at f\u00e5 ejerskab over i alt fem omr\u00e5der omkring F\u00e6r\u00f8erne og Gr\u00f8nland p\u00e5 i alt 1 million kvadratkilometer.<\/p>\n<p>En stat har efter folkeretten uden videre krav til omr\u00e5der inden for 200 s\u00f8mil fra kysten.<\/p>\n<p>Krav uden for den str\u00e6kning skal derimod underst\u00f8ttes af s\u00e6rlig dokumentation som behandles af FN i CLCS. Skriver sermitsiaq.ag p\u00e5 deres hjemmeside<\/p>\n<p>L\u00e6s ogs\u00e5:<\/p>\n<p><a href=\"http:\/\/df-nyt.dk\/?p=9498\"><span style=\"text-decoration: underline;\">Rachel Adelberg Johansen: Hvad bliver mon det n\u00e6ste, som en overnational myndighed som FN vil blande sig i?<\/span><\/a><\/p>\n<p><a href=\"http:\/\/df-nyt.dk\/?p=6251\"><span style=\"text-decoration: underline;\">Myndighederne sylter konventionsbrud og smider ting v\u00e6k <\/span><\/a><br \/>\n&nbsp;<\/p>\n","protected":false},"excerpt":{"rendered":"<p>En dansk delegation har over for FN gjort krav p\u00e5 havbund syd for F\u00e6r\u00f8erne, som sandsynligvis gemmer p\u00e5 olie og gas Danmark vil sammen med F\u00e6r\u00f8erne have ret til at bore efter olie og gas i havbunden syd for F\u00e6r\u00f8erne. Derfor fremlagde en dansk-f\u00e6r\u00f8sk delegation torsdag et krav p\u00e5 omr\u00e5det over for den s\u00e5kaldte Kommission [&hellip;]<\/p>\n","protected":false},"author":10,"featured_media":0,"comment_status":"open","ping_status":"closed","sticky":false,"template":"","format":"standard","meta":{"footnotes":""},"categories":[1],"tags":[],"class_list":["post-18960","post","type-post","status-publish","format-standard","hentry","category-df-nyt-dk"],"_links":{"self":[{"href":"https:\/\/df-nyt.dk\/blog\/wp-json\/wp\/v2\/posts\/18960","targetHints":{"allow":["GET"]}}],"collection":[{"href":"https:\/\/df-nyt.dk\/blog\/wp-json\/wp\/v2\/posts"}],"about":[{"href":"https:\/\/df-nyt.dk\/blog\/wp-json\/wp\/v2\/types\/post"}],"author":[{"embeddable":true,"href":"https:\/\/df-nyt.dk\/blog\/wp-json\/wp\/v2\/users\/10"}],"replies":[{"embeddable":true,"href":"https:\/\/df-nyt.dk\/blog\/wp-json\/wp\/v2\/comments?post=18960"}],"version-history":[{"count":4,"href":"https:\/\/df-nyt.dk\/blog\/wp-json\/wp\/v2\/posts\/18960\/revisions"}],"predecessor-version":[{"id":111341,"href":"https:\/\/df-nyt.dk\/blog\/wp-json\/wp\/v2\/posts\/18960\/revisions\/111341"}],"wp:attachment":[{"href":"https:\/\/df-nyt.dk\/blog\/wp-json\/wp\/v2\/media?parent=18960"}],"wp:term":[{"taxonomy":"category","embeddable":true,"href":"https:\/\/df-nyt.dk\/blog\/wp-json\/wp\/v2\/categories?post=18960"},{"taxonomy":"post_tag","embeddable":true,"href":"https:\/\/df-nyt.dk\/blog\/wp-json\/wp\/v2\/tags?post=18960"}],"curies":[{"name":"wp","href":"https:\/\/api.w.org\/{rel}","templated":true}]}}