{"id":18976,"date":"2011-04-01T19:14:48","date_gmt":"2011-04-01T18:14:48","guid":{"rendered":"http:\/\/df-nyt.dk\/?p=18976"},"modified":"2024-01-23T00:34:21","modified_gmt":"2024-01-22T23:34:21","slug":"fredagsdemo-foran-jobcenter-silkeborg","status":"publish","type":"post","link":"https:\/\/df-nyt.dk\/blog\/fredagsdemo-foran-jobcenter-silkeborg\/","title":{"rendered":"Fredagsdemo foran Jobcenter Silkeborg"},"content":{"rendered":"<p>Ideen fra Svendborg, med en fast Demo-dag foran det lokale Jobcenter har bredt sig.<br \/>\nSvendborg holder fast l\u00f8rdagsdemo<\/p>\n<p>Nu er der ogs\u00e5 demo i Silkeborg<br \/>\n-Vi g\u00f8r det, fordi vi er desperate, sagde David Schiess, der er en af initiativtagerne.<\/p>\n<p>De demonstrerende borgere har mistet deres sygedagpenge, og de f\u00e5r ikke anden hj\u00e6lp fra det offentlige.<\/p>\n<p>Flere fagforeninger har rettet en skarp kritik af de forhold, som langtidssygemeldte har.<\/p>\n<p>De demonstrerende i Silkeborg har t\u00e6nkt sig at m\u00f8des p\u00e5 pladsen foran jobcenteret hver fredag fra kl. 10 til 11. Skriver midtjyllandsavis.dk<\/p>\n<p>Reference<br \/>\n\/\/midtjyllandsavis.dk<br \/>\n\/\/mja.dk \/artikel.node_id=59123-click_origin=article\/Midtjyllandsavis<\/p>\n<p>For yderlig l\u00e6sning<\/p>\n<p><a href=\"https:\/\/df-nyt.dk\/?p=18308\" target=\"_blank\" rel=\"noopener noreferrer\"><span style=\"text-decoration: underline;\">De kom igen, svendborgenserne<\/span><\/a><br \/>\n&nbsp;<br \/>\n<img loading=\"lazy\" decoding=\"async\" src=\"https:\/\/df-nyt.dk\/wp-content\/uploads\/0204201121581-e1555189022342-150x116.png\" alt=\"\" width=\"150\" height=\"116\" class=\"alignnone size-thumbnail\" \/><br \/>\n&nbsp;<\/p>\n","protected":false},"excerpt":{"rendered":"<p>Ideen fra Svendborg, med en fast Demo-dag foran det lokale Jobcenter har bredt sig. Svendborg holder fast l\u00f8rdagsdemo Nu er der ogs\u00e5 demo i Silkeborg -Vi g\u00f8r det, fordi vi er desperate, sagde David Schiess, der er en af initiativtagerne. De demonstrerende borgere har mistet deres sygedagpenge, og de f\u00e5r ikke anden hj\u00e6lp fra det [&hellip;]<\/p>\n","protected":false},"author":10,"featured_media":0,"comment_status":"open","ping_status":"closed","sticky":false,"template":"","format":"standard","meta":{"footnotes":""},"categories":[1],"tags":[],"class_list":["post-18976","post","type-post","status-publish","format-standard","hentry","category-df-nyt-dk"],"_links":{"self":[{"href":"https:\/\/df-nyt.dk\/blog\/wp-json\/wp\/v2\/posts\/18976","targetHints":{"allow":["GET"]}}],"collection":[{"href":"https:\/\/df-nyt.dk\/blog\/wp-json\/wp\/v2\/posts"}],"about":[{"href":"https:\/\/df-nyt.dk\/blog\/wp-json\/wp\/v2\/types\/post"}],"author":[{"embeddable":true,"href":"https:\/\/df-nyt.dk\/blog\/wp-json\/wp\/v2\/users\/10"}],"replies":[{"embeddable":true,"href":"https:\/\/df-nyt.dk\/blog\/wp-json\/wp\/v2\/comments?post=18976"}],"version-history":[{"count":1,"href":"https:\/\/df-nyt.dk\/blog\/wp-json\/wp\/v2\/posts\/18976\/revisions"}],"predecessor-version":[{"id":101735,"href":"https:\/\/df-nyt.dk\/blog\/wp-json\/wp\/v2\/posts\/18976\/revisions\/101735"}],"wp:attachment":[{"href":"https:\/\/df-nyt.dk\/blog\/wp-json\/wp\/v2\/media?parent=18976"}],"wp:term":[{"taxonomy":"category","embeddable":true,"href":"https:\/\/df-nyt.dk\/blog\/wp-json\/wp\/v2\/categories?post=18976"},{"taxonomy":"post_tag","embeddable":true,"href":"https:\/\/df-nyt.dk\/blog\/wp-json\/wp\/v2\/tags?post=18976"}],"curies":[{"name":"wp","href":"https:\/\/api.w.org\/{rel}","templated":true}]}}