{"id":19040,"date":"2011-04-02T23:02:42","date_gmt":"2011-04-02T22:02:42","guid":{"rendered":"http:\/\/df-nyt.dk\/?p=19040"},"modified":"2025-07-18T00:13:51","modified_gmt":"2025-07-17T22:13:51","slug":"over-200-til-foredrag-i-ungdomshuset","status":"publish","type":"post","link":"https:\/\/df-nyt.dk\/blog\/over-200-til-foredrag-i-ungdomshuset\/","title":{"rendered":"Over 200 til foredrag i Ungdomshuset"},"content":{"rendered":"<p><img loading=\"lazy\" decoding=\"async\" class=\"alignleft size-full \" title=\"030420110004\" src=\"https:\/\/df-nyt.dk\/blog\/wp-content\/uploads\/030420110004.png\" alt=\"\" width=\"261\" height=\"228\" \/><br \/>\nOver 200 til foredrag i Ungdomshuset<br \/>\nEn k\u00e6mpe succes, man havde forventet omkring det halve.<\/p>\n<p>Og h\u00e5bet der kom flere, &#8230; der kom flere&#8230; mange flere.<br \/>\n&#8216;Torsdag aften havde Projekt Antifa i samarbejde med Ungdomshuset inviteret til foredrag med forfatteren, Charlotte Johannsen.<\/p>\n<p>Mere end 200 antifascister benyttede sig af lejligheden til at h\u00f8re mere om hendes projekt.<\/p>\n<p>Den store sal p\u00e5 Dortheavej, som var pyntet med antifascistiske bannere, blev hurtigt fyldt til randen af folk der kom for at h\u00f8re hvad Charlotte Johannsen havde at fort\u00e6lle om sin otte m\u00e5neder lange infiltration af det h\u00f8jreekstreme milj\u00f8 i \u00c5rhus.<\/p>\n<p>Efterh\u00e5nden som folk havde fundet deres pladser bliver der fra scenen budt velkommen.<\/p>\n<p>Derefter gik Charlotte Johannsen igang med sit foredrag. Skriver Projekt Antifa p\u00e5 deres netmedie.<br \/>\n\/\/projektantifa.dk:80\/nyheder\/article\/over-200-til-foredrag-i&#8221;<br \/>\nDu kan l\u00e6se mere der<\/p>\n<p>L\u00e6s ogs\u00e5:<\/p>\n<p><a href=\"http:\/\/df-nyt.dk\/?p=11270\"><span style=\"text-decoration: underline;\">\u2018Forkl\u00e6dt som nazist \u2013 en \u00c5rhushistorie\u2019 med relationer til FaceBook <\/span><\/a><\/p>\n<p>&nbsp;<br \/>\n<a href=\"http:\/\/df-nyt.dk\/?p=11475\"><span style=\"text-decoration: underline;\">\u2018Forkl\u00e6dt som nazist \u2013 en \u00c5rhushistorie\u2019 \u2013 Til vejfest med \u2018barndommen\u2019 <\/span><\/a><br \/>\n&nbsp;<br \/>\n(Der kan du ogs\u00e5 l\u00e6se f\u00f8rste kapitel af bogen)<br \/>\n&nbsp;<\/p>\n","protected":false},"excerpt":{"rendered":"<p>Over 200 til foredrag i Ungdomshuset En k\u00e6mpe succes, man havde forventet omkring det halve. Og h\u00e5bet der kom flere, &#8230; der kom flere&#8230; mange flere. &#8216;Torsdag aften havde Projekt Antifa i samarbejde med Ungdomshuset inviteret til foredrag med forfatteren, Charlotte Johannsen. Mere end 200 antifascister benyttede sig af lejligheden til at h\u00f8re mere om [&hellip;]<\/p>\n","protected":false},"author":10,"featured_media":0,"comment_status":"open","ping_status":"closed","sticky":false,"template":"","format":"standard","meta":{"footnotes":""},"categories":[1],"tags":[],"class_list":["post-19040","post","type-post","status-publish","format-standard","hentry","category-df-nyt-dk"],"_links":{"self":[{"href":"https:\/\/df-nyt.dk\/blog\/wp-json\/wp\/v2\/posts\/19040","targetHints":{"allow":["GET"]}}],"collection":[{"href":"https:\/\/df-nyt.dk\/blog\/wp-json\/wp\/v2\/posts"}],"about":[{"href":"https:\/\/df-nyt.dk\/blog\/wp-json\/wp\/v2\/types\/post"}],"author":[{"embeddable":true,"href":"https:\/\/df-nyt.dk\/blog\/wp-json\/wp\/v2\/users\/10"}],"replies":[{"embeddable":true,"href":"https:\/\/df-nyt.dk\/blog\/wp-json\/wp\/v2\/comments?post=19040"}],"version-history":[{"count":3,"href":"https:\/\/df-nyt.dk\/blog\/wp-json\/wp\/v2\/posts\/19040\/revisions"}],"predecessor-version":[{"id":109161,"href":"https:\/\/df-nyt.dk\/blog\/wp-json\/wp\/v2\/posts\/19040\/revisions\/109161"}],"wp:attachment":[{"href":"https:\/\/df-nyt.dk\/blog\/wp-json\/wp\/v2\/media?parent=19040"}],"wp:term":[{"taxonomy":"category","embeddable":true,"href":"https:\/\/df-nyt.dk\/blog\/wp-json\/wp\/v2\/categories?post=19040"},{"taxonomy":"post_tag","embeddable":true,"href":"https:\/\/df-nyt.dk\/blog\/wp-json\/wp\/v2\/tags?post=19040"}],"curies":[{"name":"wp","href":"https:\/\/api.w.org\/{rel}","templated":true}]}}