{"id":19049,"date":"2011-04-03T07:21:16","date_gmt":"2011-04-03T06:21:16","guid":{"rendered":"http:\/\/df-nyt.dk\/?p=19049"},"modified":"2025-07-19T17:23:10","modified_gmt":"2025-07-19T15:23:10","slug":"facebook-og-twitter-brugere-i-pudekamp-pa-det-kejserlige-palads-i-wien","status":"publish","type":"post","link":"https:\/\/df-nyt.dk\/blog\/facebook-og-twitter-brugere-i-pudekamp-pa-det-kejserlige-palads-i-wien\/","title":{"rendered":"Facebook &#8211; og Twitter- brugere i pudekamp p\u00e5 det kejserlige palads i Wien"},"content":{"rendered":"<p><img loading=\"lazy\" decoding=\"async\" class=\"alignleft size-full \" title=\"030420110803\" src=\"https:\/\/df-nyt.dk\/blog\/wp-content\/uploads\/030420110803.png\" alt=\"\" width=\"212\" height=\"210\" \/><br \/>\nFacebook\u2013 og Twitter- brugere i pudekamp p\u00e5 det kejserlige palads i Wien<br \/>\nOpfordringerne og aftalerne var indg\u00e5et bl.a. p\u00e5 Facebook og Twitter.<\/p>\n<p>I g\u00e5rden til kejserlige palads Hofburg og p\u00e5 R\u00e5dhuspladsen i Graz, m\u00f8dtes Facebook-brugere, l\u00f8rdag eftermiddag, til stor overraskelse for de udenforst\u00e5ende tilskuere, i en st\u00f8rre pude kamp.<\/p>\n<p>Omkring 200 Facebook &#8220;pude-soldater&#8221; m\u00f8dtes i g\u00e5rden til Hofburg.<br \/>\nFor \u00f8jnene af de forbl\u00f8ffede tilskuere til det bizare syn, &#8220;k\u00e6mpede&#8221;, de vilde Facebook &#8220;pude-soldater&#8221;, medens fjer og pude fragmenter fl\u00f8j igennem luften &#8211; i et par minutter, s\u00e5 var kampen slut.<\/p>\n<p>Det samme skuespil blev afholdt i Graz.<\/p>\n<p><img loading=\"lazy\" decoding=\"async\" class=\"alignleft size-full \" title=\"030420111126\" src=\"https:\/\/df-nyt.dk\/blog\/wp-content\/uploads\/030420111126.png\" alt=\"\" width=\"317\" height=\"282\" \/><\/p>\n<p>150 til 200 mennesker i alle aldre, der er var udstyret med puder i alle st\u00f8rrelser og forskellige materiale indledte l\u00f8rdag kort efter\u00a0 klokken 15,00 &#8211; p\u00e5 torvet, en cirka fem minutter kamp.<\/p>\n<p>Bortset fra nogle pude, som gik i stykker og mistede sit indhold, var der ingen synlige skader p\u00e5 personer eller omgivelser.<\/p>\n<p>Initiativet blev startet op p\u00e5 bl.a. Facebook og Twitter.<\/p>\n<p>Efter kampen blev der ryddet \u00a0p\u00e6nt op, og fjer og puder endte i skraldespanden.<\/p>\n<p>Skriver KLEINE Zeitung &#8211; Du kan l\u00e6se mere der<br \/>\n\/\/www.kleinezeitung.at:80\/nachrichten\/chronik\/2713253\/polsterschlacht-wiener-hofburg.story&#8221;<\/p>\n<p>Du kan se flere billeder p\u00e5 hjemmesiden, \/\/derstandard.at\/1297822130180\/Internationaler-Polsterschlacht-Tag-Da-flogen-die-Federn&#8221;<\/p>\n<p>Og p\u00e5p hjemmesiden, Welt Online &#8211;<br \/>\n\/\/www.welt.de\/vermischtes\/article13056685\/Wenn-weltweit-die-Federn-fliegen.html&#8221;<\/p>\n<p><img loading=\"lazy\" decoding=\"async\" class=\"size-full wp-image-19067 alignnone\" title=\"030420111752\" src=\"https:\/\/df-nyt.dk\/blog\/wp-content\/uploads\/030420111752.png\" alt=\"\" width=\"230\" height=\"207\" \/><br \/>\n&nbsp;<\/p>\n<p>L\u00e6s ogs\u00e5:<\/p>\n<p><a href=\"http:\/\/df-nyt.dk\/?p=18994\"><span style=\"text-decoration: underline;\">Tusinder i Facebook-demo p\u00e5 \u00e5rets f\u00f8rste for\u00e5rsdag<\/span><\/a><br \/>\n&nbsp;<br \/>\n<a href=\"http:\/\/df-nyt.dk\/?p=17811\"><span style=\"text-decoration: underline;\">Det vrimler med S\u00f8ren Pind kloner p\u00e5 Facebook <\/span><\/a><br \/>\n&nbsp;<br \/>\n<a href=\"http:\/\/df-nyt.dk\/?p=16540\"><span style=\"text-decoration: underline;\">Anmeldt for racisme, nu h\u00e6nger vennerne ham ud som \u2018martyr\u2019 <\/span><\/a><br \/>\n&nbsp;<\/p>\n","protected":false},"excerpt":{"rendered":"<p>Facebook\u2013 og Twitter- brugere i pudekamp p\u00e5 det kejserlige palads i Wien Opfordringerne og aftalerne var indg\u00e5et bl.a. p\u00e5 Facebook og Twitter. I g\u00e5rden til kejserlige palads Hofburg og p\u00e5 R\u00e5dhuspladsen i Graz, m\u00f8dtes Facebook-brugere, l\u00f8rdag eftermiddag, til stor overraskelse for de udenforst\u00e5ende tilskuere, i en st\u00f8rre pude kamp. Omkring 200 Facebook &#8220;pude-soldater&#8221; m\u00f8dtes i [&hellip;]<\/p>\n","protected":false},"author":10,"featured_media":0,"comment_status":"open","ping_status":"closed","sticky":false,"template":"","format":"standard","meta":{"footnotes":""},"categories":[1],"tags":[],"class_list":["post-19049","post","type-post","status-publish","format-standard","hentry","category-df-nyt-dk"],"_links":{"self":[{"href":"https:\/\/df-nyt.dk\/blog\/wp-json\/wp\/v2\/posts\/19049","targetHints":{"allow":["GET"]}}],"collection":[{"href":"https:\/\/df-nyt.dk\/blog\/wp-json\/wp\/v2\/posts"}],"about":[{"href":"https:\/\/df-nyt.dk\/blog\/wp-json\/wp\/v2\/types\/post"}],"author":[{"embeddable":true,"href":"https:\/\/df-nyt.dk\/blog\/wp-json\/wp\/v2\/users\/10"}],"replies":[{"embeddable":true,"href":"https:\/\/df-nyt.dk\/blog\/wp-json\/wp\/v2\/comments?post=19049"}],"version-history":[{"count":3,"href":"https:\/\/df-nyt.dk\/blog\/wp-json\/wp\/v2\/posts\/19049\/revisions"}],"predecessor-version":[{"id":109204,"href":"https:\/\/df-nyt.dk\/blog\/wp-json\/wp\/v2\/posts\/19049\/revisions\/109204"}],"wp:attachment":[{"href":"https:\/\/df-nyt.dk\/blog\/wp-json\/wp\/v2\/media?parent=19049"}],"wp:term":[{"taxonomy":"category","embeddable":true,"href":"https:\/\/df-nyt.dk\/blog\/wp-json\/wp\/v2\/categories?post=19049"},{"taxonomy":"post_tag","embeddable":true,"href":"https:\/\/df-nyt.dk\/blog\/wp-json\/wp\/v2\/tags?post=19049"}],"curies":[{"name":"wp","href":"https:\/\/api.w.org\/{rel}","templated":true}]}}