{"id":19094,"date":"2011-04-03T21:46:40","date_gmt":"2011-04-03T20:46:40","guid":{"rendered":"http:\/\/df-nyt.dk\/?p=19094"},"modified":"2023-04-18T20:31:54","modified_gmt":"2023-04-18T18:31:54","slug":"dansk-folkepartis-%c3%b8nske-om-et-racistisk-dna-register-m%c3%b8dt-af-en-venlig-venstrefl%c3%b8j","status":"publish","type":"post","link":"https:\/\/df-nyt.dk\/blog\/dansk-folkepartis-%c3%b8nske-om-et-racistisk-dna-register-m%c3%b8dt-af-en-venlig-venstrefl%c3%b8j\/","title":{"rendered":"Dansk Folkepartis \u00f8nske om et racistisk DNA-register m\u00f8dt af en venlig venstrefl\u00f8j"},"content":{"rendered":"<p>Dansk Folkepartis \u00f8nske om et racistisk DNA-register m\u00f8dt af en venlig venstrefl\u00f8j<\/p>\n<p><img loading=\"lazy\" decoding=\"async\" class=\"alignleft \" src=\"https:\/\/df-nyt.dk\/wp-content\/uploads\/030420112243.png\" alt=\"\" width=\"224\" height=\"157\" \/>Dansk Folkeparti skruer op for racismen og frems\u00e6tter forslag om at udl\u00e6ndinge fra ikke EU-lande og deres nyf\u00f8dte drengeb\u00f8rn, registreres i et DNA-register.<\/p>\n<p>Selv om forslaget er racistisk, ses ingen direkte kritik af racismen fra Socialdemokratiet og Socialistisk Folkeparti.<\/p>\n<p>Tv\u00e6rtimod kvitters der med en invitation til dialog og debat.<\/p>\n<p>Samtidigt med at Dansk Folkeparti taber tilslutning i de nyeste meningsm\u00e5linger, er udl\u00e6ndinge i f\u00f8lge en ny meningsanalyse stadigv\u00e6k et af de mest afg\u00f8rende faktorer, n\u00e5r danskerne skal beslutte sig for hvilket parti, de skal s\u00e6tte deres kryds ved.<\/p>\n<p>For at im\u00f8dekomme denne tendens har Dansk Folkeparti, fremsat et yderst ubehageligt forslag, om at alle udl\u00e6ndinge med fast ophold i Danmark fra ikke EU lande og alle nyf\u00f8dte drengeb\u00f8rn f\u00f8dt af udl\u00e6ndinge fra ikke EU lande, skal registreres i et DNA register.\u00a0Som led i forbyggelse og bek\u00e6mpelse af kriminalitet i Danmark.<\/p>\n<p>-I stedet skal nyf\u00f8dte drengeb\u00f8rn og udl\u00e6ndinge, der tager ophold i Danmark og som ikke er EU-borgere, registreres i DNA-registret, mener Dansk Folkepartis retsordf\u00f8rer, Peter Skaarup.<\/p>\n<p>-Det burde v\u00e6re i alles interesse at f\u00e5 stoppet gerningsm\u00e6ndene hurtigst muligt, inden de beg\u00e5r nye forbrydelser. Tiden arbejder i hvert fald for vores forslag, siger Peter Skaarup.<br \/>\nReference\/Politiken den 3 april 2011.<\/p>\n<p>Lad mig sl\u00e5 fast at kriminalitet ikke sidder i generne, eller i en s\u00e6rlig kultur eller etnicitet.<\/p>\n<p>Derfor er Dansk Folkepartis forslag dybt racistisk og der er ingen tvivl om at forslaget, med den lovgivning vi har hvor racisme og diskrimination ogs\u00e5 i form af en DNA-registrering selekteret efter k\u00f8n, etnisk oprindelse, tro og kultur ikke er tilladt, aldrig vil f\u00e5 ben at g\u00e5 p\u00e5 og mon ikke Dansk Folkeparti ogs\u00e5 er klar over det?<\/p>\n<p>Forslaget er derfor mest af alt blot endnu et signal fra Dansk Folkeparti til de fremmedfjenske og racisterne, om at Dansk Folkeparti stadigv\u00e6k kan levere varen, n\u00e5r det g\u00e6lder hetz mod udl\u00e6ndinge og indvandrere.<\/p>\n<p>Kan vi andre s\u00e5 bare l\u00e6ne os tilbage og grine af det ?<br \/>\nNej det kan vi ikke, for der g\u00e5r en lige tr\u00e5d fra Den danske forenings 25 \u00e5rs racistiske d\u00e6monisering af udl\u00e6ndinge og indvandrere i Danmark, til Dansk Folkepartis nutidige hetz af den samme befolkningsgruppe.<\/p>\n<p>Fremmedhadernes hetz af udl\u00e6ndinge har altid v\u00e6ret systematisk og f\u00f8rt p\u00e5 et l\u00f8gnagtig og racistisk grundlag. P\u00e5 trods af dette ser man i dag, -Skriver Margrethe S. Hansen p\u00e5 <a href=\"http:\/\/p77.dk\/blogs\/shansen\/475-2011-04-03-16-02-19\/\" target=\"_blank\" rel=\"noopener noreferrer\"><span style=\"text-decoration: underline;\">Netavisen P77.dk &#8211; \/\/p77.dk\/shansen\/<\/span><\/a><\/p>\n<p>For yderlig l\u00e6sning<\/p>\n<p><a href=\"https:\/\/df-nyt.dk\/skal-dit-barn-dna-registreres\/\" target=\"_blank\" rel=\"noopener noreferrer\"><span style=\"text-decoration: underline;\">Skal dit barn DNA-Registreres?<\/span><\/a><br \/>\n&nbsp;<br \/>\n<a href=\"https:\/\/df-nyt.dk\/?p=18879\/\" target=\"_blank\" rel=\"noopener noreferrer\"><span style=\"text-decoration: underline;\">St\u00f8tte til racismen bidrager til mere racisme<\/span><\/a><br \/>\n&nbsp;<br \/>\n<a href=\"https:\/\/df-nyt.dk\/?p=16540\/\" target=\"_blank\" rel=\"noopener noreferrer\"><span style=\"text-decoration: underline;\">Anmeldt for racisme, nu h\u00e6nger vennerne ham ud som martyr<\/span><\/a><br \/>\n&nbsp;<br \/>\n<a href=\"https:\/\/df-nyt.dk\/?p=10160\/\" target=\"_blank\" rel=\"noopener noreferrer\"><span style=\"text-decoration: underline;\">Kandidat til Kommunevalget for Dansk Folkeparti Hakon Leo Nielsen<\/span><\/a><br \/>\n&nbsp;<br \/>\n<a href=\"https:\/\/df-nyt.dk\/?p=11343\/\" target=\"_blank\" rel=\"noopener noreferrer\"><span style=\"text-decoration: underline;\">Dansk Folkeparti formand p\u00e5 Facebook med profilbillede fra filmen Das Boot<\/span><\/a><\/p>\n","protected":false},"excerpt":{"rendered":"<p>Dansk Folkepartis \u00f8nske om et racistisk DNA-register m\u00f8dt af en venlig venstrefl\u00f8j Dansk Folkeparti skruer op for racismen og frems\u00e6tter forslag om at udl\u00e6ndinge fra ikke EU-lande og deres nyf\u00f8dte drengeb\u00f8rn, registreres i et DNA-register. Selv om forslaget er racistisk, ses ingen direkte kritik af racismen fra Socialdemokratiet og Socialistisk Folkeparti. Tv\u00e6rtimod kvitters der med [&hellip;]<\/p>\n","protected":false},"author":10,"featured_media":0,"comment_status":"open","ping_status":"closed","sticky":false,"template":"","format":"standard","meta":{"footnotes":""},"categories":[1],"tags":[],"class_list":["post-19094","post","type-post","status-publish","format-standard","hentry","category-df-nyt-dk"],"_links":{"self":[{"href":"https:\/\/df-nyt.dk\/blog\/wp-json\/wp\/v2\/posts\/19094","targetHints":{"allow":["GET"]}}],"collection":[{"href":"https:\/\/df-nyt.dk\/blog\/wp-json\/wp\/v2\/posts"}],"about":[{"href":"https:\/\/df-nyt.dk\/blog\/wp-json\/wp\/v2\/types\/post"}],"author":[{"embeddable":true,"href":"https:\/\/df-nyt.dk\/blog\/wp-json\/wp\/v2\/users\/10"}],"replies":[{"embeddable":true,"href":"https:\/\/df-nyt.dk\/blog\/wp-json\/wp\/v2\/comments?post=19094"}],"version-history":[{"count":1,"href":"https:\/\/df-nyt.dk\/blog\/wp-json\/wp\/v2\/posts\/19094\/revisions"}],"predecessor-version":[{"id":99494,"href":"https:\/\/df-nyt.dk\/blog\/wp-json\/wp\/v2\/posts\/19094\/revisions\/99494"}],"wp:attachment":[{"href":"https:\/\/df-nyt.dk\/blog\/wp-json\/wp\/v2\/media?parent=19094"}],"wp:term":[{"taxonomy":"category","embeddable":true,"href":"https:\/\/df-nyt.dk\/blog\/wp-json\/wp\/v2\/categories?post=19094"},{"taxonomy":"post_tag","embeddable":true,"href":"https:\/\/df-nyt.dk\/blog\/wp-json\/wp\/v2\/tags?post=19094"}],"curies":[{"name":"wp","href":"https:\/\/api.w.org\/{rel}","templated":true}]}}