{"id":19202,"date":"2011-04-05T15:33:07","date_gmt":"2011-04-05T14:33:07","guid":{"rendered":"http:\/\/df-nyt.dk\/?p=19202"},"modified":"2018-02-25T16:21:23","modified_gmt":"2018-02-25T15:21:23","slug":"holstebro-invitere-til-fredags-jobcenter-demo","status":"publish","type":"post","link":"https:\/\/df-nyt.dk\/blog\/holstebro-invitere-til-fredags-jobcenter-demo\/","title":{"rendered":"Holstebro invitere til Jobcenter Demo"},"content":{"rendered":"<p><strong>Med start, kommende fredag &#8211; den 8. April 2011.<\/strong><br \/>\n&#8216;De 3 initiativtagere vil v\u00e6re at finde foran Jobcentret i Holstebro, imellem kl. 13 og 14.<\/p>\n<p>Alle er velkomne til at m\u00f8de op og f\u00e5 en snak om hvordan vi kan organisere os fremover.<\/p>\n<p>Spred det gode budskab og lad demoerne sprede sig som ringe i vandet&#8217;. Lyder det fra Kim Stevnsborg.<\/p>\n<p>Der er i forvejen, L\u00f8rdags-demo i Svendborg, Fredags-Demo i Silkeborg og nu &#8211; Alts\u00e5 &#8211; Fredags-demo i Holstebro.<\/p>\n<p><strong>L\u00e6s ogs\u00e5:<\/strong><\/p>\n<p><a href=\"http:\/\/df-nyt.dk\/?p=18976\"><span style=\"text-decoration: underline;\"><strong>Fredagsdemo foran Jobcenter Silkeborg<\/strong><\/span><\/a><\/p>\n<p>&nbsp;<br \/>\n<a href=\"http:\/\/df-nyt.dk\/?p=18994\"><span style=\"text-decoration: underline;\"><strong>Tusinder i Facebook-demo p\u00e5 \u00e5rets f\u00f8rste for\u00e5rsdag<\/strong><\/span><\/a><\/p>\n<p>&nbsp;<br \/>\n<a href=\"http:\/\/df-nyt.dk\/?p=19118\"><span style=\"text-decoration: underline;\"><strong>Jobcentrets l\u00e6gekonsulent scorer kassen <\/strong><\/span><\/a><\/p>\n<p>&nbsp;<\/p>\n<p style=\"text-align: center;\"><span style=\"text-decoration: underline;\"><strong><a href=\"https:\/\/df-nyt.dk\/blog\/wp-content\/uploads\/0204201121581.png\"><img loading=\"lazy\" decoding=\"async\" class=\"aligncenter size-full wp-image-19024\" title=\"020420112158\" src=\"https:\/\/df-nyt.dk\/blog\/wp-content\/uploads\/0204201121581.png\" alt=\"\" width=\"367\" height=\"283\" \/><\/a><\/strong><\/span><\/p>\n<p>&nbsp;<\/p>\n","protected":false},"excerpt":{"rendered":"<p>Med start, kommende fredag &#8211; den 8. April 2011. &#8216;De 3 initiativtagere vil v\u00e6re at finde foran Jobcentret i Holstebro, imellem kl. 13 og 14. Alle er velkomne til at m\u00f8de op og f\u00e5 en snak om hvordan vi kan organisere os fremover. Spred det gode budskab og lad demoerne sprede sig som ringe i [&hellip;]<\/p>\n","protected":false},"author":10,"featured_media":0,"comment_status":"open","ping_status":"closed","sticky":false,"template":"","format":"standard","meta":{"footnotes":""},"categories":[1],"tags":[],"class_list":["post-19202","post","type-post","status-publish","format-standard","hentry","category-df-nyt-dk"],"_links":{"self":[{"href":"https:\/\/df-nyt.dk\/blog\/wp-json\/wp\/v2\/posts\/19202","targetHints":{"allow":["GET"]}}],"collection":[{"href":"https:\/\/df-nyt.dk\/blog\/wp-json\/wp\/v2\/posts"}],"about":[{"href":"https:\/\/df-nyt.dk\/blog\/wp-json\/wp\/v2\/types\/post"}],"author":[{"embeddable":true,"href":"https:\/\/df-nyt.dk\/blog\/wp-json\/wp\/v2\/users\/10"}],"replies":[{"embeddable":true,"href":"https:\/\/df-nyt.dk\/blog\/wp-json\/wp\/v2\/comments?post=19202"}],"version-history":[{"count":0,"href":"https:\/\/df-nyt.dk\/blog\/wp-json\/wp\/v2\/posts\/19202\/revisions"}],"wp:attachment":[{"href":"https:\/\/df-nyt.dk\/blog\/wp-json\/wp\/v2\/media?parent=19202"}],"wp:term":[{"taxonomy":"category","embeddable":true,"href":"https:\/\/df-nyt.dk\/blog\/wp-json\/wp\/v2\/categories?post=19202"},{"taxonomy":"post_tag","embeddable":true,"href":"https:\/\/df-nyt.dk\/blog\/wp-json\/wp\/v2\/tags?post=19202"}],"curies":[{"name":"wp","href":"https:\/\/api.w.org\/{rel}","templated":true}]}}