{"id":19264,"date":"2011-04-06T11:21:20","date_gmt":"2011-04-06T10:21:20","guid":{"rendered":"http:\/\/df-nyt.dk\/?p=19264"},"modified":"2026-01-23T12:27:37","modified_gmt":"2026-01-23T11:27:37","slug":"ambitioner-skal-bringe-os-tilbage-i-forskningskaplobet","status":"publish","type":"post","link":"https:\/\/df-nyt.dk\/blog\/ambitioner-skal-bringe-os-tilbage-i-forskningskaplobet\/","title":{"rendered":"Ambitioner skal bringe os tilbage i forskningskapl\u00f8bet"},"content":{"rendered":"<p><img loading=\"lazy\" decoding=\"async\" class=\"  alignnone\" title=\"060420111219\" src=\"https:\/\/df-nyt.dk\/blog\/wp-content\/uploads\/060420111219.png\" alt=\"\" width=\"360\" height=\"276\" \/><\/p>\n<p>Ambitioner skal bringe os tilbage i forskningskapl\u00f8bet<br \/>\nNye tal fra DI viser, at stadig flere danske virksomheder l\u00e6gger flere og flere af deres forskningsaktiviteter uden for Danmarks gr\u00e6nser. Skriver SF i sin pressemeddelelse<\/p>\n<p>Og de forts\u00e6tter.<br \/>\n70 pct. af virksomhederne anf\u00f8rer, at mere erhvervsrelevant forskning i Danmark kunne f\u00e5 dem til at investere mere i Danmark, mens 65 pct. peger p\u00e5, at bedre adgang til h\u00f8jt kvalificeret arbejdskraft kunne f\u00e5 dem til at investere mere.<\/p>\n<p>Dertil kommer, at der ved placering af forskningen tages hensyn til, hvor eftersp\u00f8rgslen efter nye innovative produkter er st\u00f8rst.<\/p>\n<p>SF\u00b4s v\u00e6kstordf\u00f8rer Steen Gade vil f\u00f8rst og fremmest bringe Danmark tilbage i forskningskapl\u00f8bet ved en mere ambiti\u00f8s politik p\u00e5 de omr\u00e5der, hvor der er store globale udfordringer.<\/p>\n<p>Han siger:<br \/>\n&#8211; Virksomhederne placerer deres forskning, der hvor de nye ting sker.<\/p>\n<p>Vi skal derfor f\u00f8rst og fremmest have en ambition om at v\u00e6re med i fortroppen, n\u00e5r nye l\u00f8sninger p\u00e5 de store globale problemer skal afpr\u00f8ves.<\/p>\n<p>Det skal g\u00f8res ved, at vi igen f\u00e5r en ambiti\u00f8s regulering p\u00e5 milj\u00f8- og energiomr\u00e5det, ved at vi bruger de store offentlige indk\u00f8b til at k\u00f8be produkter med h\u00f8j samfundsm\u00e6ssig v\u00e6rdi og endelig ved, at vi t\u00f8r investere i demonstrationsanl\u00e6g p\u00e5 de omr\u00e5der, hvor forskningen er s\u00e5 langt fremme, at den er klar til at blive afpr\u00f8vet i st\u00f8rre skala.<\/p>\n<p>Dertil vil SF investere mere i forskning og uddannelse \u2013 og ikke s\u00e6nke ambitionerne, som regeringen har gjort med genopretningspakken.<\/p>\n<p>Steen Gade siger:<\/p>\n<p>&#8211; Vi vil h\u00e6ve ambitionerne p\u00e5 forsknings- og uddannelsesomr\u00e5det.<\/p>\n<p>P\u00e5 forskningsomr\u00e5det vil vi s\u00e6tte flere midler af til erhvervsrelevant forskning p\u00e5 milj\u00f8omr\u00e5det, som regeringen har fors\u00f8mt de seneste \u00e5r.<\/p>\n<p>P\u00e5 uddannelsesomr\u00e5det vil vi ligesom regeringen satse p\u00e5, at f\u00e5 flere danske unge uddannet p\u00e5 de omr\u00e5der, som virksomhederne eftersp\u00f8rger.<\/p>\n<p>Dertil vil vi satse p\u00e5 at tiltr\u00e6kke flere udenlandske forskningstalenter p\u00e5 disse omr\u00e5der.<\/p>\n<p>Lige nu sidder der flere unge forskningstalenter i udlandet og venter p\u00e5 at komme til Danmark for at forske, men regeringen har gjort det s\u00e5 sv\u00e6rt at komme hertil, at de har m\u00e5ttet uds\u00e6tte deres rejseplaner.<\/p>\n<p>Det er helt galimatias.<br \/>\nDu kan l\u00e6se flere nyheder fra SF p\u00e5 deres hjemmeside<br \/>\n&nbsp;<\/p>\n<p>&nbsp;<\/p>\n","protected":false},"excerpt":{"rendered":"<p>Ambitioner skal bringe os tilbage i forskningskapl\u00f8bet Nye tal fra DI viser, at stadig flere danske virksomheder l\u00e6gger flere og flere af deres forskningsaktiviteter uden for Danmarks gr\u00e6nser. Skriver SF i sin pressemeddelelse Og de forts\u00e6tter. 70 pct. af virksomhederne anf\u00f8rer, at mere erhvervsrelevant forskning i Danmark kunne f\u00e5 dem til at investere mere i [&hellip;]<\/p>\n","protected":false},"author":10,"featured_media":0,"comment_status":"open","ping_status":"closed","sticky":false,"template":"","format":"standard","meta":{"footnotes":""},"categories":[1],"tags":[],"class_list":["post-19264","post","type-post","status-publish","format-standard","hentry","category-df-nyt-dk"],"_links":{"self":[{"href":"https:\/\/df-nyt.dk\/blog\/wp-json\/wp\/v2\/posts\/19264","targetHints":{"allow":["GET"]}}],"collection":[{"href":"https:\/\/df-nyt.dk\/blog\/wp-json\/wp\/v2\/posts"}],"about":[{"href":"https:\/\/df-nyt.dk\/blog\/wp-json\/wp\/v2\/types\/post"}],"author":[{"embeddable":true,"href":"https:\/\/df-nyt.dk\/blog\/wp-json\/wp\/v2\/users\/10"}],"replies":[{"embeddable":true,"href":"https:\/\/df-nyt.dk\/blog\/wp-json\/wp\/v2\/comments?post=19264"}],"version-history":[{"count":3,"href":"https:\/\/df-nyt.dk\/blog\/wp-json\/wp\/v2\/posts\/19264\/revisions"}],"predecessor-version":[{"id":111617,"href":"https:\/\/df-nyt.dk\/blog\/wp-json\/wp\/v2\/posts\/19264\/revisions\/111617"}],"wp:attachment":[{"href":"https:\/\/df-nyt.dk\/blog\/wp-json\/wp\/v2\/media?parent=19264"}],"wp:term":[{"taxonomy":"category","embeddable":true,"href":"https:\/\/df-nyt.dk\/blog\/wp-json\/wp\/v2\/categories?post=19264"},{"taxonomy":"post_tag","embeddable":true,"href":"https:\/\/df-nyt.dk\/blog\/wp-json\/wp\/v2\/tags?post=19264"}],"curies":[{"name":"wp","href":"https:\/\/api.w.org\/{rel}","templated":true}]}}