{"id":19284,"date":"2011-04-06T17:09:13","date_gmt":"2011-04-06T16:09:13","guid":{"rendered":"http:\/\/df-nyt.dk\/?p=19284"},"modified":"2025-09-14T08:06:13","modified_gmt":"2025-09-14T06:06:13","slug":"henvist-til-su-i-stedet-for-revalidering","status":"publish","type":"post","link":"https:\/\/df-nyt.dk\/blog\/henvist-til-su-i-stedet-for-revalidering\/","title":{"rendered":"Henvist til SU i stedet for revalidering"},"content":{"rendered":"<p><img loading=\"lazy\" decoding=\"async\" class=\"  alignleft\" title=\"060420111807\" src=\"http:\/\/df-nyt.dk\/\/wp-content\/uploads\/060420111807.png\" alt=\"\" width=\"268\" height=\"188\" \/>Der er ikke bare sk\u00e5ret voldsomt ned p\u00e5 tilkendelse af f\u00f8rtidspension og fleksjob i Svendborg Kommune.<\/p>\n<p>P\u00e5 det kommunale Jobcenter i Svendborg er kassen ogs\u00e5 \u2013 stort set \u2013 sm\u00e6kket i for revalidering.<\/p>\n<p>Det har 23-\u00e5rige Lasse Nielsen for alvor f\u00e5et at m\u00e6rke.<br \/>\nI over et \u00e5r har han ventet p\u00e5 bare at f\u00e5 en afg\u00f8relse fra Jobcentret.<\/p>\n<p>Nu er den p\u00e5 vej.<br \/>\nMed indstillingen: Ingen revalidering til ham \u2013 hvis han vil have en ny uddannelse, s\u00e5 kan han s\u00f8ge SU.<\/p>\n<p>\u201dI et \u00e5r har jeg rendt til m\u00f8der p\u00e5 Jobcentret.<br \/>\nDer skete absolut intet.<\/p>\n<p>Det var, som om de ved at tr\u00e6kke sagen i langdrag h\u00e5bede, at jeg til sidst ville blive tr\u00e6t af det og opgive.<\/p>\n<p>Det vil jeg ikke, for if\u00f8lge loven kan jeg blive revalideret.<\/p>\n<p>Men nu l\u00e6gger Jobcentret op til at give mig et afslag\u201d, siger en skuffet Lasse Nielsen.<\/p>\n<p>Han forst\u00e5r det ikke, og det g\u00f8r de heller ikke i hans fagforening 3F.<\/p>\n<p>If\u00f8lge Lov om Aktiv Socialpolitik er der intet til hinder for at tildele Lasse Nielsen en revalidering, tv\u00e6rtimod.<\/p>\n<p>[&#8230;]<\/p>\n<p>Det er over et \u00e5r siden, Lasse Nielsen henvendte sig p\u00e5 Jobcentret for at f\u00e5 hj\u00e6lp til at blive revalideret.<\/p>\n<p>Det var &#8230; &#8211; Skriver, Frede Jakobsen p\u00e5 Svendborg NetAvis &#8211; Du kan l\u00e6se mere DER<br \/>\nwww.svendborgsnetavis.dk\/kassen-lukket-for-revalidering\/&#8221;<\/p>\n<p>L\u00e6s ogs\u00e5:<\/p>\n<p><a href=\"http:\/\/df-nyt.dk\/?p=19202\"><span style=\"text-decoration: underline;\">Holstebro invitere til Jobcenter Demo<\/span><\/a><\/p>\n<p><a href=\"https:\/\/df-nyt.dk:80\/?p=17082\"><span style=\"text-decoration: underline;\">Dansk Metal: Ledige bliver misbrugt som gratis arbejdskraft<\/span><\/a><br \/>\n&nbsp;<\/p>\n","protected":false},"excerpt":{"rendered":"<p>Der er ikke bare sk\u00e5ret voldsomt ned p\u00e5 tilkendelse af f\u00f8rtidspension og fleksjob i Svendborg Kommune. P\u00e5 det kommunale Jobcenter i Svendborg er kassen ogs\u00e5 \u2013 stort set \u2013 sm\u00e6kket i for revalidering. Det har 23-\u00e5rige Lasse Nielsen for alvor f\u00e5et at m\u00e6rke. I over et \u00e5r har han ventet p\u00e5 bare at f\u00e5 en [&hellip;]<\/p>\n","protected":false},"author":10,"featured_media":0,"comment_status":"open","ping_status":"closed","sticky":false,"template":"","format":"standard","meta":{"footnotes":""},"categories":[1],"tags":[],"class_list":["post-19284","post","type-post","status-publish","format-standard","hentry","category-df-nyt-dk"],"_links":{"self":[{"href":"https:\/\/df-nyt.dk\/blog\/wp-json\/wp\/v2\/posts\/19284","targetHints":{"allow":["GET"]}}],"collection":[{"href":"https:\/\/df-nyt.dk\/blog\/wp-json\/wp\/v2\/posts"}],"about":[{"href":"https:\/\/df-nyt.dk\/blog\/wp-json\/wp\/v2\/types\/post"}],"author":[{"embeddable":true,"href":"https:\/\/df-nyt.dk\/blog\/wp-json\/wp\/v2\/users\/10"}],"replies":[{"embeddable":true,"href":"https:\/\/df-nyt.dk\/blog\/wp-json\/wp\/v2\/comments?post=19284"}],"version-history":[{"count":6,"href":"https:\/\/df-nyt.dk\/blog\/wp-json\/wp\/v2\/posts\/19284\/revisions"}],"predecessor-version":[{"id":109903,"href":"https:\/\/df-nyt.dk\/blog\/wp-json\/wp\/v2\/posts\/19284\/revisions\/109903"}],"wp:attachment":[{"href":"https:\/\/df-nyt.dk\/blog\/wp-json\/wp\/v2\/media?parent=19284"}],"wp:term":[{"taxonomy":"category","embeddable":true,"href":"https:\/\/df-nyt.dk\/blog\/wp-json\/wp\/v2\/categories?post=19284"},{"taxonomy":"post_tag","embeddable":true,"href":"https:\/\/df-nyt.dk\/blog\/wp-json\/wp\/v2\/tags?post=19284"}],"curies":[{"name":"wp","href":"https:\/\/api.w.org\/{rel}","templated":true}]}}