{"id":19291,"date":"2011-04-07T06:32:49","date_gmt":"2011-04-07T05:32:49","guid":{"rendered":"http:\/\/df-nyt.dk\/?p=19291"},"modified":"2024-09-24T21:49:26","modified_gmt":"2024-09-24T19:49:26","slug":"sf-er-regeringen-bange-for-at-modes-med-dalai-lama","status":"publish","type":"post","link":"https:\/\/df-nyt.dk\/blog\/sf-er-regeringen-bange-for-at-modes-med-dalai-lama\/","title":{"rendered":"SF: Er regeringen bange for at m\u00f8des med Dalai Lama?"},"content":{"rendered":"<p><img loading=\"lazy\" decoding=\"async\" class=\"alignleft \" src=\"https:\/\/df-nyt.dk\/wp-content\/uploads\/070420110730.png\" alt=\"\" width=\"301\" height=\"209\" \/><\/p>\n<p>SF opfordrer regeringen til at m\u00f8des med Tibets \u00e5ndelige leder for at vise sin st\u00f8tte til de spirende demokratiske bev\u00e6gelser, der med inspiration fra Nordafrika i disse dage vokser frem i Tibet s\u00e5vel som resten af Kina, men brutalt bliver m\u00f8dt med bortf\u00f8relser og tortur. Skriver SF i sin pressemeddelelse<\/p>\n<p>\u2013og fors\u00e6tter<br \/>\n&#8211; Hvorfor m\u00f8des regeringen ikke med Dalai Lama, n\u00e5r han g\u00e6ster K\u00f8benhavn d. 18. april?<\/p>\n<p>Det er et udtryk for dobbeltmoral, n\u00e5r overgreb mod befolkningen giver grund til international bekymring og opm\u00e6rksomhed i Libyen, men ikke i Kina, siger Pernille Frahm, medlem af Folketinget for SF.<\/p>\n<p>SF har derfor bedt udenrigsministeren forholde sig til et m\u00f8de med Dalai Lama i betragtning af, at det ikke er lykkedes Dalai Lamas repr\u00e6sentanter at videref\u00f8re dialogen med Kina siden januar 2010, og at menneskerettighedssituationen i Tibet s\u00e5vel som resten af Kina, hvor et stigende antal kunstnere, menneskerettighedsaktivister og systemkritikere igennem de sidste m\u00e5ned er blevet f\u00e6ngslet, senest &#8216;havfruekunsteren&#8217; Ai Weiwei, fortsat giver anledning til stor bekymring?<\/p>\n<p>&#8211; Konflikten i Libyen bliver af det kinesiske styre p\u00e5 kynisk vis brugt til at f\u00e6ngsle systemkritikere og andre, der opfordrer til demokratiske reformer, og det ignoreres, fordi der er handelsinteresser p\u00e5 spil, siger Pernille Frahm.<\/p>\n<p>For yderlig l\u00e6sning<\/p>\n<p><a href=\"http:\/\/sf.dk\/seneste-nyt \/\" rel=\"noreferrer nofollow\"><span style=\"text-decoration: underline;\">\/\/sf.dk\/seneste-nyt<\/span><\/a><\/p>\n","protected":false},"excerpt":{"rendered":"<p>SF opfordrer regeringen til at m\u00f8des med Tibets \u00e5ndelige leder for at vise sin st\u00f8tte til de spirende demokratiske bev\u00e6gelser, der med inspiration fra Nordafrika i disse dage vokser frem i Tibet s\u00e5vel som resten af Kina, men brutalt bliver m\u00f8dt med bortf\u00f8relser og tortur. Skriver SF i sin pressemeddelelse \u2013og fors\u00e6tter &#8211; Hvorfor m\u00f8des [&hellip;]<\/p>\n","protected":false},"author":10,"featured_media":0,"comment_status":"open","ping_status":"closed","sticky":false,"template":"","format":"standard","meta":{"footnotes":""},"categories":[1],"tags":[],"class_list":["post-19291","post","type-post","status-publish","format-standard","hentry","category-df-nyt-dk"],"_links":{"self":[{"href":"https:\/\/df-nyt.dk\/blog\/wp-json\/wp\/v2\/posts\/19291","targetHints":{"allow":["GET"]}}],"collection":[{"href":"https:\/\/df-nyt.dk\/blog\/wp-json\/wp\/v2\/posts"}],"about":[{"href":"https:\/\/df-nyt.dk\/blog\/wp-json\/wp\/v2\/types\/post"}],"author":[{"embeddable":true,"href":"https:\/\/df-nyt.dk\/blog\/wp-json\/wp\/v2\/users\/10"}],"replies":[{"embeddable":true,"href":"https:\/\/df-nyt.dk\/blog\/wp-json\/wp\/v2\/comments?post=19291"}],"version-history":[{"count":2,"href":"https:\/\/df-nyt.dk\/blog\/wp-json\/wp\/v2\/posts\/19291\/revisions"}],"predecessor-version":[{"id":104800,"href":"https:\/\/df-nyt.dk\/blog\/wp-json\/wp\/v2\/posts\/19291\/revisions\/104800"}],"wp:attachment":[{"href":"https:\/\/df-nyt.dk\/blog\/wp-json\/wp\/v2\/media?parent=19291"}],"wp:term":[{"taxonomy":"category","embeddable":true,"href":"https:\/\/df-nyt.dk\/blog\/wp-json\/wp\/v2\/categories?post=19291"},{"taxonomy":"post_tag","embeddable":true,"href":"https:\/\/df-nyt.dk\/blog\/wp-json\/wp\/v2\/tags?post=19291"}],"curies":[{"name":"wp","href":"https:\/\/api.w.org\/{rel}","templated":true}]}}