{"id":19329,"date":"2011-04-07T13:21:05","date_gmt":"2011-04-07T12:21:05","guid":{"rendered":"http:\/\/df-nyt.dk\/?p=19329"},"modified":"2026-01-07T20:14:13","modified_gmt":"2026-01-07T19:14:13","slug":"sf-er-parat-til-gr%c3%b8nlandsk-selvstaendighed","status":"publish","type":"post","link":"https:\/\/df-nyt.dk\/blog\/sf-er-parat-til-gr%c3%b8nlandsk-selvstaendighed\/","title":{"rendered":"SF er parat til gr\u00f8nlandsk selvst\u00e6ndighed"},"content":{"rendered":"<p><img loading=\"lazy\" decoding=\"async\" class=\"alignleft size-full \" title=\"070420111415\" src=\"http:\/\/df-nyt.dk\/\/wp-content\/uploads\/070420111415.png\" alt=\"\" width=\"307\" height=\"298\" \/><\/p>\n<p>Partiformand Villy S\u00f8vndal er en varm tilh\u00e6nger af rigsf\u00e6llesskabet, men han vil p\u00e5 den anden side ikke st\u00e5 i vejen for et selvst\u00e6ndigt Gr\u00f8nland, hvis det er det gr\u00f8nlandske folks \u00f8nske.<\/p>\n<p>Den dag det gr\u00f8nlandske folk kr\u00e6ver fuld selvst\u00e6ndighed fra Danmark, er det ikke SF\u2019s partiformand Villy S\u00f8vndal, der vil blokere, selv om han gerne ser at rigsf\u00e6llesskabet mellem Danmark, Gr\u00f8nland og F\u00e6r\u00f8erne forts\u00e6tte mange \u00e5r endnu.<\/p>\n<p>Ordene faldt p\u00e5 et velbes\u00f8gt debatm\u00f8de onsdag aften i Det Gr\u00f8nlandske Hus i K\u00f8benhavn.<\/p>\n<p>Udover S\u00f8vndal deltog ogs\u00e5 SF\u2019s f\u00e6r\u00f8sk-danske folketingskandidat, Annika Smith, der havde taget initiativ til m\u00f8det, og det afg\u00e5ende gr\u00f8nlandske folketingsmedlem Juliane Henningsen (IA). Skriver, man p\u00e5 hjemmesiden, sermitsiaq.ag<\/p>\n<p>L\u00e6s ogs\u00e5:<\/p>\n<p><a href=\"http:\/\/df-nyt.dk\/?p=18954\"><span style=\"text-decoration: underline;\">Danmark forhandler om at sende atomaffald til Gr\u00f8nland<\/span><\/a><br \/>\n&nbsp;<br \/>\n<a href=\"http:\/\/df-nyt.dk\/?p=18960\"><span style=\"text-decoration: underline;\">Danmark g\u00f8r krav p\u00e5 havbund ved F\u00e6r\u00f8erne <\/span><\/a><br \/>\n&nbsp;<\/p>\n","protected":false},"excerpt":{"rendered":"<p>Partiformand Villy S\u00f8vndal er en varm tilh\u00e6nger af rigsf\u00e6llesskabet, men han vil p\u00e5 den anden side ikke st\u00e5 i vejen for et selvst\u00e6ndigt Gr\u00f8nland, hvis det er det gr\u00f8nlandske folks \u00f8nske. Den dag det gr\u00f8nlandske folk kr\u00e6ver fuld selvst\u00e6ndighed fra Danmark, er det ikke SF\u2019s partiformand Villy S\u00f8vndal, der vil blokere, selv om han gerne [&hellip;]<\/p>\n","protected":false},"author":10,"featured_media":0,"comment_status":"open","ping_status":"closed","sticky":false,"template":"","format":"standard","meta":{"footnotes":""},"categories":[1],"tags":[],"class_list":["post-19329","post","type-post","status-publish","format-standard","hentry","category-df-nyt-dk"],"_links":{"self":[{"href":"https:\/\/df-nyt.dk\/blog\/wp-json\/wp\/v2\/posts\/19329","targetHints":{"allow":["GET"]}}],"collection":[{"href":"https:\/\/df-nyt.dk\/blog\/wp-json\/wp\/v2\/posts"}],"about":[{"href":"https:\/\/df-nyt.dk\/blog\/wp-json\/wp\/v2\/types\/post"}],"author":[{"embeddable":true,"href":"https:\/\/df-nyt.dk\/blog\/wp-json\/wp\/v2\/users\/10"}],"replies":[{"embeddable":true,"href":"https:\/\/df-nyt.dk\/blog\/wp-json\/wp\/v2\/comments?post=19329"}],"version-history":[{"count":4,"href":"https:\/\/df-nyt.dk\/blog\/wp-json\/wp\/v2\/posts\/19329\/revisions"}],"predecessor-version":[{"id":110948,"href":"https:\/\/df-nyt.dk\/blog\/wp-json\/wp\/v2\/posts\/19329\/revisions\/110948"}],"wp:attachment":[{"href":"https:\/\/df-nyt.dk\/blog\/wp-json\/wp\/v2\/media?parent=19329"}],"wp:term":[{"taxonomy":"category","embeddable":true,"href":"https:\/\/df-nyt.dk\/blog\/wp-json\/wp\/v2\/categories?post=19329"},{"taxonomy":"post_tag","embeddable":true,"href":"https:\/\/df-nyt.dk\/blog\/wp-json\/wp\/v2\/tags?post=19329"}],"curies":[{"name":"wp","href":"https:\/\/api.w.org\/{rel}","templated":true}]}}