{"id":19389,"date":"2011-04-08T15:09:12","date_gmt":"2011-04-08T14:09:12","guid":{"rendered":"http:\/\/df-nyt.dk\/?p=19389"},"modified":"2025-07-14T14:43:52","modified_gmt":"2025-07-14T12:43:52","slug":"arhusianere-til-foredrag-med-forfatter","status":"publish","type":"post","link":"https:\/\/df-nyt.dk\/blog\/arhusianere-til-foredrag-med-forfatter\/","title":{"rendered":"\u00c5rhusianere til foredrag med forfatter"},"content":{"rendered":"<p><img loading=\"lazy\" decoding=\"async\" class=\"alignleft size-full \" title=\"080420111603\" src=\"https:\/\/df-nyt.dk\/blog\/wp-content\/uploads\/080420111603.png\" alt=\"\" width=\"254\" height=\"166\" \/>Forfatteren Charlotte Johannsen fortalte om den infiltration &#8211; hun igennem mere end otte m\u00e5neder gennemf\u00f8rte i byens <a href=\"http:\/\/df-nyt.dk\/?p=11270\"><span style=\"text-decoration: underline;\">h\u00f8jreekstreme milj\u00f8.<\/span><\/a><\/p>\n<p>Foredraget blev gennemf\u00f8rt i store-sal &#8211; som var komplet proppet.<br \/>\nFolk m\u00e5tte sidde p\u00e5 gulve, st\u00e5 op bagerst i salen, &#8211; da interessen var s\u00e5 overv\u00e6ldende.<\/p>\n<p>Aftenens indhold var noget n\u00e6r det samme, som da Johannsen i sidste uge g\u00e6stede <a href=\"http:\/\/df-nyt.dk\/?p=19040\">Ungdomshuset.<\/a><\/p>\n<p>Det var tydeligt i sp\u00f8rge-runden, at &#8211; lokalkendskabet, bet\u00f8d noget.<\/p>\n<p>Publikum havde stor indsigt i emnet, det bar de mange interessante sp\u00f8rgsm\u00e5l pr\u00e6g af. Aftenen forl\u00f8b uden problemer, i en fremragende positiv stemning.<\/p>\n<p>Referance:<br \/>\n\/\/projektantifa.dk:80\/nyheder\/article\/130-arhusianere-til-foredrag-med&#8221;><span style=\"text-decoration: underline;\">projektantifa.dk<\/span><\/p>\n<p>For yderlig l\u00e6sning.<br \/>\n<a href=\"http:\/\/df-nyt.dk\/?p=19040\"><span style=\"text-decoration: underline;\">Over 200 til foredrag i Ungdomshuset<\/span><\/a><br \/>\n&nbsp;<\/p>\n","protected":false},"excerpt":{"rendered":"<p>Forfatteren Charlotte Johannsen fortalte om den infiltration &#8211; hun igennem mere end otte m\u00e5neder gennemf\u00f8rte i byens h\u00f8jreekstreme milj\u00f8. Foredraget blev gennemf\u00f8rt i store-sal &#8211; som var komplet proppet. Folk m\u00e5tte sidde p\u00e5 gulve, st\u00e5 op bagerst i salen, &#8211; da interessen var s\u00e5 overv\u00e6ldende. Aftenens indhold var noget n\u00e6r det samme, som da Johannsen [&hellip;]<\/p>\n","protected":false},"author":10,"featured_media":0,"comment_status":"open","ping_status":"closed","sticky":false,"template":"","format":"standard","meta":{"footnotes":""},"categories":[1],"tags":[],"class_list":["post-19389","post","type-post","status-publish","format-standard","hentry","category-df-nyt-dk"],"_links":{"self":[{"href":"https:\/\/df-nyt.dk\/blog\/wp-json\/wp\/v2\/posts\/19389","targetHints":{"allow":["GET"]}}],"collection":[{"href":"https:\/\/df-nyt.dk\/blog\/wp-json\/wp\/v2\/posts"}],"about":[{"href":"https:\/\/df-nyt.dk\/blog\/wp-json\/wp\/v2\/types\/post"}],"author":[{"embeddable":true,"href":"https:\/\/df-nyt.dk\/blog\/wp-json\/wp\/v2\/users\/10"}],"replies":[{"embeddable":true,"href":"https:\/\/df-nyt.dk\/blog\/wp-json\/wp\/v2\/comments?post=19389"}],"version-history":[{"count":4,"href":"https:\/\/df-nyt.dk\/blog\/wp-json\/wp\/v2\/posts\/19389\/revisions"}],"predecessor-version":[{"id":109042,"href":"https:\/\/df-nyt.dk\/blog\/wp-json\/wp\/v2\/posts\/19389\/revisions\/109042"}],"wp:attachment":[{"href":"https:\/\/df-nyt.dk\/blog\/wp-json\/wp\/v2\/media?parent=19389"}],"wp:term":[{"taxonomy":"category","embeddable":true,"href":"https:\/\/df-nyt.dk\/blog\/wp-json\/wp\/v2\/categories?post=19389"},{"taxonomy":"post_tag","embeddable":true,"href":"https:\/\/df-nyt.dk\/blog\/wp-json\/wp\/v2\/tags?post=19389"}],"curies":[{"name":"wp","href":"https:\/\/api.w.org\/{rel}","templated":true}]}}