{"id":19423,"date":"2011-04-09T09:07:13","date_gmt":"2011-04-09T08:07:13","guid":{"rendered":"http:\/\/df-nyt.dk\/?p=19423"},"modified":"2025-09-14T09:57:08","modified_gmt":"2025-09-14T07:57:08","slug":"svendborgenserne-samles-igen-i-dag-for-femte-l%c3%b8rdag-i-traek","status":"publish","type":"post","link":"https:\/\/df-nyt.dk\/blog\/svendborgenserne-samles-igen-i-dag-for-femte-l%c3%b8rdag-i-traek\/","title":{"rendered":"Svendborgenserne samles igen i dag \u2013 for femte l\u00f8rdag i tr\u00e6k"},"content":{"rendered":"<p><img loading=\"lazy\" decoding=\"async\" class=\"size-full  alignleft\" title=\"090420111003\" src=\"https:\/\/df-nyt.dk\/\/wp-content\/uploads\/090420111003.png\" alt=\"\" width=\"270\" height=\"150\" \/><\/p>\n<p>Svendborgenserne samles igen i dag \u2013 for femte l\u00f8rdag i tr\u00e6k<br \/>\nP\u00e5 Centrumpladsen kl. 11.30 til en halv times stille protest, og med krav om anst\u00e6ndighed.<\/p>\n<p>Nogen tror, de kan retf\u00e6rdigg\u00f8re umenneskeligheder eller l\u00f8be fra ansvar, ved at skrive l\u00e6serbreve.<\/p>\n<p>Det b\u00f8r ikke lykkes for dem.<br \/>\nAk ja, Masoum Moradi har da rigtig set lyset \u2013som en af de eneste.<br \/>\nSelvretf\u00e6rdigheden er larmende hos den mand, som i denne sag har mindst tre kasketter p\u00e5.<\/p>\n<p>Han er byr\u00e5dsmedlem, han er Teamleder p\u00e5 Jobcentret, og han er formand for det fleksjobudvalg i Jobcentret, som giver afslag efter afslag til folk, der gerne vil p\u00e5 fleksjob.<\/p>\n<p>Masoum Moradi er \u2013 i sp\u00f8rgsm\u00e5let omf\u00f8rtidspension, fleksjob m.m. \u2013mere kongetro end kongen selv. Kongen er her den besk\u00e6ftigelsesminister, Inger St\u00f8jberg (Venstre), som ellers ikke giver ved d\u00f8rene.<\/p>\n<p>Men hun har dog i det mindste i flere omgange sagt, at det ude i kommunerne indenfor lovens rammer er mulighed for at ud\u00f8ve sk\u00f8n \u2013 til fordel for den sygemeldte borger eller det modsatte. Skriver Frede Jakobsen p\u00e5 Svendborg NetAvis<\/p>\n<p>Reference<br \/>\nHjemmesiden \/svendborgsnetavis.dk \/\/svendborgsnetavis.dk \/kommunens-meget-meget-kloge-mand\/SvendborgNetAvis<\/p>\n<p>For yderlig l\u00e6sning.<\/p>\n<p><a href=\"https:\/\/df-nyt.dk\/?p=18994\/\" target=\"_blank\" rel=\"noopener noreferrer\"><span style=\"text-decoration: underline;\">Tusinder i Facebook-demo p\u00e5 \u00e5rets f\u00f8rste for\u00e5rsdag<\/span><\/a><\/p>\n","protected":false},"excerpt":{"rendered":"<p>Svendborgenserne samles igen i dag \u2013 for femte l\u00f8rdag i tr\u00e6k P\u00e5 Centrumpladsen kl. 11.30 til en halv times stille protest, og med krav om anst\u00e6ndighed. Nogen tror, de kan retf\u00e6rdigg\u00f8re umenneskeligheder eller l\u00f8be fra ansvar, ved at skrive l\u00e6serbreve. Det b\u00f8r ikke lykkes for dem. Ak ja, Masoum Moradi har da rigtig set lyset [&hellip;]<\/p>\n","protected":false},"author":10,"featured_media":0,"comment_status":"open","ping_status":"closed","sticky":false,"template":"","format":"standard","meta":{"footnotes":""},"categories":[1],"tags":[],"class_list":["post-19423","post","type-post","status-publish","format-standard","hentry","category-df-nyt-dk"],"_links":{"self":[{"href":"https:\/\/df-nyt.dk\/blog\/wp-json\/wp\/v2\/posts\/19423","targetHints":{"allow":["GET"]}}],"collection":[{"href":"https:\/\/df-nyt.dk\/blog\/wp-json\/wp\/v2\/posts"}],"about":[{"href":"https:\/\/df-nyt.dk\/blog\/wp-json\/wp\/v2\/types\/post"}],"author":[{"embeddable":true,"href":"https:\/\/df-nyt.dk\/blog\/wp-json\/wp\/v2\/users\/10"}],"replies":[{"embeddable":true,"href":"https:\/\/df-nyt.dk\/blog\/wp-json\/wp\/v2\/comments?post=19423"}],"version-history":[{"count":4,"href":"https:\/\/df-nyt.dk\/blog\/wp-json\/wp\/v2\/posts\/19423\/revisions"}],"predecessor-version":[{"id":109935,"href":"https:\/\/df-nyt.dk\/blog\/wp-json\/wp\/v2\/posts\/19423\/revisions\/109935"}],"wp:attachment":[{"href":"https:\/\/df-nyt.dk\/blog\/wp-json\/wp\/v2\/media?parent=19423"}],"wp:term":[{"taxonomy":"category","embeddable":true,"href":"https:\/\/df-nyt.dk\/blog\/wp-json\/wp\/v2\/categories?post=19423"},{"taxonomy":"post_tag","embeddable":true,"href":"https:\/\/df-nyt.dk\/blog\/wp-json\/wp\/v2\/tags?post=19423"}],"curies":[{"name":"wp","href":"https:\/\/api.w.org\/{rel}","templated":true}]}}