{"id":19471,"date":"2011-04-10T13:01:52","date_gmt":"2011-04-10T12:01:52","guid":{"rendered":"http:\/\/df-nyt.dk\/?p=19471"},"modified":"2024-10-03T09:16:02","modified_gmt":"2024-10-03T07:16:02","slug":"er-det-iorden-at-praester-stotter-ydmygelser-af-born","status":"publish","type":"post","link":"https:\/\/df-nyt.dk\/blog\/er-det-iorden-at-praester-stotter-ydmygelser-af-born\/","title":{"rendered":"Er det iorden at pr\u00e6ster st\u00f8tter ydmygelser af b\u00f8rn?"},"content":{"rendered":"<p>Er det iorden at pr\u00e6ster st\u00f8tter ydmygelser af b\u00f8rn?<br \/>\nEr det iorden, at en folkekirkepr\u00e6st &#8216;synes godt&#8217; om at sm\u00e5 b\u00f8rn h\u00e6nges ud, &#8211; latterligg\u00f8res, ydmyges og h\u00e5nes offentligt p\u00e5 Facebook?<\/p>\n<p>Det ville jeg gerne have spurgt pr\u00e6sten Katrine Winkel Holm om, &#8211; men det er som om,<br \/>\nhun er meget vanskelig at f\u00e5 en <a href=\"https:\/\/df-nyt.dk\/?p=11738\"><span style=\"text-decoration: underline;\"> dialog med.<\/span><\/a><\/p>\n<p>Billedet herunder viser lille pige p\u00e5 omkring 6 \u00e5r, if\u00f8rt religi\u00f8st t\u00f8rkl\u00e6de. &#8211;<br \/>\nJeg har valgt at skjule det meste af pigen, men har naturligvis en kopi.<\/p>\n<p><img loading=\"lazy\" decoding=\"async\" class=\"alignnone \" title=\"100420111949\" src=\"https:\/\/df-nyt.dk\/\/wp-content\/uploads\/100420111949.png\" alt=\"\" width=\"351\" height=\"312\" \/><\/p>\n<p>I debatten finder vi b.la. flere trofsate <a href=\"https:\/\/df-nyt.dk\/?p=8292\">Karen Jespersen<\/a> supportere, men jeg har her valgt at fremh\u00e6ve:<\/p>\n<p><a href=\"https:\/\/df-nyt.dk\/?p=15163\" target=\"_blank\" rel=\"noopener noreferrer\"><span style=\"text-decoration: underline;\">Michael J\u00f8rgensen <\/span><\/a><\/p>\n<p><a href=\"https:\/\/df-nyt.dk\/?p=16378\" target=\"_blank\" rel=\"noopener noreferrer\"><span style=\"text-decoration: underline;\">Birthe Hedegaard Holm <\/span><\/a><\/p>\n<p><a href=\"https:\/\/df-nyt.dk\/?p=13083\" target=\"_blank\" rel=\"noopener noreferrer\"><span style=\"text-decoration: underline;\">Uwe Max Jensen <\/span><\/a><\/p>\n<p><a href=\"https:\/\/df-nyt.dk\/?p=15604\" target=\"_blank\" rel=\"noopener noreferrer\"><span style=\"text-decoration: underline;\">Elmas Berke Q Freedom<\/span><\/a><\/p>\n<p><img loading=\"lazy\" decoding=\"async\" class=\"alignnone size-full \" title=\"100420111457\" src=\"https:\/\/df-nyt.dk\/\/wp-content\/uploads\/100420111457.png\" alt=\"\" width=\"391\" height=\"820\" \/><\/p>\n<p>I indl\u00e6gget er b.la. anvendt screenshot fra Hara Dvinges offentlige Facebook profil<br \/>\nQ Freedom formanden Elmas Berke, tilkendegiver her helt klart, at pigers frihed til selv at v\u00e6lge aufit b\u00f8r v\u00e6re et lovanliggende.<\/p>\n<p>Fra 1. juli 2010 er den kriminelle lavalder s\u00e6nket fra 15 til 14 \u00e5r.<br \/>\nDet betyder i princippet, at nu kan 14-\u00e5rige straffes for kriminalitet.<\/p>\n<p>Og det er i Elmas Berkes argument, &#8211; ved den alder at piger f\u00f8rst skal kunne v\u00e6lge frit. &#8211;<br \/>\nVel at m\u00e6rke hvis man v\u00e6lger den kriminelle lavalder &#8211;<\/p>\n<p>Det bliver en smule mere spekulativt hvis friheden til, at piger lovligt m\u00e5 bruge t\u00f8rkl\u00e6de, skal indpasses efter den seksuelle lavalder.<\/p>\n<p>Og til orientering for Elmas Berke, s\u00e5 er den seksuelle lavalder 15 \u00e5r. S\u00e5 m\u00e5 man have samleje, med andre unge. Men den er 18 \u00e5r, hvis det ikke er j\u00e6vnaldrende, men stedfor\u00e6ldre, plejefor\u00e6ldre eller ansatte p\u00e5 institutioner. &#8211; Og, s\u00e5 er det i\u00f8vrigt en bogerpligt at anmelde voldsforbrydelser.<\/p>\n<p>Men hvordan en indskr\u00e6nkning af pigers frihedsrettigheder, h\u00e6nger det sammen med Q Freedom foreningens erkl\u00e6ret m\u00e5l, om ligeberettelse mellem k\u00f8nnene, ser jeg ingen forklaring p\u00e5.<\/p>\n<p>Jeg vil, fra debatten, afslutte med Citat af Niels Kj\u00e6rgaard: &#8220;En rabiat muslimsk pr\u00e6dikant som ikke st\u00f8tter sharia, jamen vi ER jo nok s\u00e5 snotdumme at vi hopper p\u00e5 den, &#8211; eller de apologetiske hattedamer g\u00f8r. Som Karen West altid siger n\u00e5r hun st\u00f8der p\u00e5 islams m\u00f8rke sider: &#8220;Men det har intet med islam at g\u00f8re&#8221;.<\/p>\n<p>Karen West er n\u00e6stformand i foreningen Q Freedom.<br \/>\n<a href=\"https:\/\/df-nyt.dk\/?p=15604\" target=\"_blank\" rel=\"noopener noreferrer\"><span style=\"text-decoration: underline;\"> Q Freedom, h\u00f8jrefl\u00f8jens muntre hj\u00f8rne<\/span><\/a><\/p>\n<p><img loading=\"lazy\" decoding=\"async\" class=\"alignnone\" title=\"260120111759\" src=\"https:\/\/df-nyt.dk\/\/wp-content\/uploads\/260120111759.png\" alt=\"\" width=\"359\" height=\"168\" \/><\/p>\n<p>Billedet: Elmas Berke, Karen West, Inger Rosenberg Larsen og <a href=\"https:\/\/df-nyt.dk\/?p=16029\" target=\"_blank\" rel=\"noopener noreferrer\"><span style=\"text-decoration: underline;\">Anne Marie Buch<\/span><\/a> (bannerholder th.)<\/p>\n<p>Som Facebook venner til, Q Freedom formanden Elmas Berke, ses blandt flere, <a href=\"https:\/\/df-nyt.dk\/?p=8292\" target=\"_blank\" rel=\"noopener noreferrer\"><span style=\"text-decoration: underline;\">Karen Jespersen<\/span><\/a><\/p>\n<p>Kim M\u00f8ller, som er set, som st\u00f8tte af ekstremistisk <a href=\"https:\/\/df-nyt.dk\/?p=8890\" target=\"_blank\" rel=\"noopener noreferrer\"><span style=\"text-decoration: underline;\">bogafbr\u00e6nding.<\/span><\/a><\/p>\n<p>Hans Erling Jensen, til daglig er bosiddende i sverige, og ejer af dom\u00e6nenavnene:<br \/>\n<a href=\"https:\/\/df-nyt.dk\/?p=15654\" target=\"_blank\" rel=\"noopener noreferrer\"><span style=\"text-decoration: underline;\"> Koranskolen.dk <\/span><\/a> og <a href=\"https:\/\/df-nyt.dk\/?p=15654\"><span style=\"text-decoration: underline;\"> eticha.dk <\/span><\/a><\/p>\n<p><img loading=\"lazy\" decoding=\"async\" class=\"alignnone \" title=\"100420111932\" src=\"https:\/\/df-nyt.dk\/\/wp-content\/uploads\/100420111932.png\" alt=\"\" width=\"307\" height=\"305\" \/><\/p>\n","protected":false},"excerpt":{"rendered":"<p>Er det iorden at pr\u00e6ster st\u00f8tter ydmygelser af b\u00f8rn? Er det iorden, at en folkekirkepr\u00e6st &#8216;synes godt&#8217; om at sm\u00e5 b\u00f8rn h\u00e6nges ud, &#8211; latterligg\u00f8res, ydmyges og h\u00e5nes offentligt p\u00e5 Facebook? Det ville jeg gerne have spurgt pr\u00e6sten Katrine Winkel Holm om, &#8211; men det er som om, hun er meget vanskelig at f\u00e5 en [&hellip;]<\/p>\n","protected":false},"author":10,"featured_media":0,"comment_status":"open","ping_status":"closed","sticky":false,"template":"","format":"standard","meta":{"footnotes":""},"categories":[1],"tags":[],"class_list":["post-19471","post","type-post","status-publish","format-standard","hentry","category-df-nyt-dk"],"_links":{"self":[{"href":"https:\/\/df-nyt.dk\/blog\/wp-json\/wp\/v2\/posts\/19471","targetHints":{"allow":["GET"]}}],"collection":[{"href":"https:\/\/df-nyt.dk\/blog\/wp-json\/wp\/v2\/posts"}],"about":[{"href":"https:\/\/df-nyt.dk\/blog\/wp-json\/wp\/v2\/types\/post"}],"author":[{"embeddable":true,"href":"https:\/\/df-nyt.dk\/blog\/wp-json\/wp\/v2\/users\/10"}],"replies":[{"embeddable":true,"href":"https:\/\/df-nyt.dk\/blog\/wp-json\/wp\/v2\/comments?post=19471"}],"version-history":[{"count":1,"href":"https:\/\/df-nyt.dk\/blog\/wp-json\/wp\/v2\/posts\/19471\/revisions"}],"predecessor-version":[{"id":105080,"href":"https:\/\/df-nyt.dk\/blog\/wp-json\/wp\/v2\/posts\/19471\/revisions\/105080"}],"wp:attachment":[{"href":"https:\/\/df-nyt.dk\/blog\/wp-json\/wp\/v2\/media?parent=19471"}],"wp:term":[{"taxonomy":"category","embeddable":true,"href":"https:\/\/df-nyt.dk\/blog\/wp-json\/wp\/v2\/categories?post=19471"},{"taxonomy":"post_tag","embeddable":true,"href":"https:\/\/df-nyt.dk\/blog\/wp-json\/wp\/v2\/tags?post=19471"}],"curies":[{"name":"wp","href":"https:\/\/api.w.org\/{rel}","templated":true}]}}