{"id":19509,"date":"2011-04-10T20:43:18","date_gmt":"2011-04-10T19:43:18","guid":{"rendered":"http:\/\/df-nyt.dk\/?p=19509"},"modified":"2018-03-03T19:10:19","modified_gmt":"2018-03-03T18:10:19","slug":"knr-journalist-jages-stadig-af-praest","status":"publish","type":"post","link":"https:\/\/df-nyt.dk\/blog\/knr-journalist-jages-stadig-af-praest\/","title":{"rendered":"KNR-journalist jages stadig af pr\u00e6st"},"content":{"rendered":"<p><a href=\"https:\/\/df-nyt.dk\/blog\/wp-content\/uploads\/100420112140.png\"><img loading=\"lazy\" decoding=\"async\" class=\"alignleft size-full wp-image-19510\" title=\"100420112140\" src=\"https:\/\/df-nyt.dk\/blog\/wp-content\/uploads\/100420112140.png\" alt=\"\" width=\"275\" height=\"175\" \/><\/a><\/p>\n<p><strong>KNR-journalist jages stadig af pr\u00e6st<\/strong>.<\/p>\n<p>.. Siden TV-udsendelsen om, -ja, du jo ved selv, -har jeg i mit hjerte ikke kunnet slippe dig&#8230;<\/p>\n<p>S\u00e5dan skriver en katolsk pr\u00e6st i november 2010 til Frederik Roed, efter et TV-dokumentarprogram, hvor Frederik Roed fort\u00e6ller om, hvordan han udnyttes af en katolsk pr\u00e6st i sine ungdoms\u00e5r.<\/p>\n<p>Frederik Roed, var den f\u00f8rste, der anmeldte en katolsk pr\u00e6st for p\u00e6dofili, i bogen Messedreng,\u00a0 skriver han sin beretning.<\/p>\n<p>Frederik Roed bliver som ung teenager messedreng i den katolske kirke i Danmark.<\/p>\n<p>Han er ensom og usikker.<\/p>\n<p>Familien derhjemme er i opbrud, og svigt og angst er dagligt noget, Frederik m\u00e5 k\u00e6mpe med.<\/p>\n<p>I kirken kan han s\u00f8ge tilflugt.<\/p>\n<p>Den katolske fader tager Frederik til sig, tager ham under sin vinge, men det g\u00e5r snart op for den s\u00f8gende teenager, at han i virkeligheden er offer for en halvp\u00e6dofil pr\u00e6st, der udnytter b\u00e5de Frederiks og andres situation.<\/p>\n<p>Skriver redaktionen p\u00e5 weebsiden <a href=\"http:\/\/sermitsiaq.ag\/\" target=\"_blank\"><strong><span style=\"text-decoration: underline;\">Sermitsiaq.AG <\/span><\/strong><\/a><\/p>\n<p><strong>For yderlig l\u00e6sning.<\/strong><\/p>\n<p><a href=\"http:\/\/df-nyt.dk\/?p=19471\" target=\"_blank\"><span style=\"text-decoration: underline;\"><strong>Er det iorden at pr\u00e6ster st\u00f8tter ydmygelser af b\u00f8rn?<\/strong><\/span><\/a><\/p>\n<p>&nbsp;<\/p>\n","protected":false},"excerpt":{"rendered":"<p>KNR-journalist jages stadig af pr\u00e6st. .. Siden TV-udsendelsen om, -ja, du jo ved selv, -har jeg i mit hjerte ikke kunnet slippe dig&#8230; S\u00e5dan skriver en katolsk pr\u00e6st i november 2010 til Frederik Roed, efter et TV-dokumentarprogram, hvor Frederik Roed fort\u00e6ller om, hvordan han udnyttes af en katolsk pr\u00e6st i sine ungdoms\u00e5r. Frederik Roed, var [&hellip;]<\/p>\n","protected":false},"author":10,"featured_media":0,"comment_status":"open","ping_status":"closed","sticky":false,"template":"","format":"standard","meta":{"footnotes":""},"categories":[1],"tags":[],"class_list":["post-19509","post","type-post","status-publish","format-standard","hentry","category-df-nyt-dk"],"_links":{"self":[{"href":"https:\/\/df-nyt.dk\/blog\/wp-json\/wp\/v2\/posts\/19509","targetHints":{"allow":["GET"]}}],"collection":[{"href":"https:\/\/df-nyt.dk\/blog\/wp-json\/wp\/v2\/posts"}],"about":[{"href":"https:\/\/df-nyt.dk\/blog\/wp-json\/wp\/v2\/types\/post"}],"author":[{"embeddable":true,"href":"https:\/\/df-nyt.dk\/blog\/wp-json\/wp\/v2\/users\/10"}],"replies":[{"embeddable":true,"href":"https:\/\/df-nyt.dk\/blog\/wp-json\/wp\/v2\/comments?post=19509"}],"version-history":[{"count":0,"href":"https:\/\/df-nyt.dk\/blog\/wp-json\/wp\/v2\/posts\/19509\/revisions"}],"wp:attachment":[{"href":"https:\/\/df-nyt.dk\/blog\/wp-json\/wp\/v2\/media?parent=19509"}],"wp:term":[{"taxonomy":"category","embeddable":true,"href":"https:\/\/df-nyt.dk\/blog\/wp-json\/wp\/v2\/categories?post=19509"},{"taxonomy":"post_tag","embeddable":true,"href":"https:\/\/df-nyt.dk\/blog\/wp-json\/wp\/v2\/tags?post=19509"}],"curies":[{"name":"wp","href":"https:\/\/api.w.org\/{rel}","templated":true}]}}