{"id":19526,"date":"2011-04-11T09:56:15","date_gmt":"2011-04-11T08:56:15","guid":{"rendered":"http:\/\/df-nyt.dk\/?p=19526"},"modified":"2025-07-06T22:20:01","modified_gmt":"2025-07-06T20:20:01","slug":"pia-allerslev-han-er-en-rigtig-ubehagelig-person-med-rigtig-ubehagelige-synspunkter","status":"publish","type":"post","link":"https:\/\/df-nyt.dk\/blog\/pia-allerslev-han-er-en-rigtig-ubehagelig-person-med-rigtig-ubehagelige-synspunkter\/","title":{"rendered":"Pia Allerslev: \u00bbHan er en rigtig ubehagelig person med rigtig ubehagelige synspunkter\u00ab"},"content":{"rendered":"<p><img loading=\"lazy\" decoding=\"async\" class=\"alignleft size-full \" title=\"280320110810\" src=\"https:\/\/df-nyt.dk\/blog\/wp-content\/uploads\/280320110810.png\" alt=\"\" width=\"307\" height=\"248\" \/><\/p>\n<p>Pia Allerslev: \u00bbHan er en rigtig ubehagelig person med rigtig ubehagelige synspunkter\u00ab<\/p>\n<p>Ham kender jeg! &#8211; var min f\u00f8rste tanke.<br \/>\nMen jeg tog fejl &#8211; Det var ikke lige den <span style=\"text-decoration: underline;\"><a href=\"http:\/\/df-nyt.dk\/?p=18711\">person<\/a><\/span> jeg t\u00e6nkte p\u00e5, &#8211; som Pia Allerslev mente.<\/p>\n<p>Men derimod en yderligtg\u00e5ende pr\u00e6dikant som skal tale ved et m\u00f8de p\u00e5 N\u00f8rrebro, som er arrangeret af Islamisk Trossamfunds ungdomsafdeling.<\/p>\n<p>\u00bbJeg vil appellere til regeringen om at holde \u00f8je og eventuelt bremse ham ved gr\u00e6nsen, n\u00e5r han ankommer, s\u00e5 han kan blive sendt med f\u00f8rste fly hjem\u00ab, siger hun til \/\/politiken.dk.<br \/>\n\/\/politiken.dk\/indland\/ECE1251076\/borgmester-praedikant-boer-standses-ved-graensen\/&#8221;> <\/p>\n<p>Og dermed afsl\u00f8rer Pia Allerslev, at hun er fortaler for et normbrud, &#8211; da hun med sit tiltag, angriber gr\u00e6nsen imellem den lovgivende og den ud\u00f8vende magt.<\/p>\n<p>Den kollektive\u00a0Intelligens vil forh\u00e5bentlig ogs\u00e5 kunne se, at Pia Allerslev groft angriber vores <span style=\"text-decoration: underline;\"><a href=\"http:\/\/df-nyt.dk\/?p=18711\" target=\"_blank\" rel=\"noopener\"> demokrati<\/a><\/span> med den slags tiltag.<\/p>\n<p>At <span style=\"text-decoration: underline;\"><a href=\"http:\/\/df-nyt.dk\/?p=17501\">Martin Henriksen<\/a><\/span> efterf\u00f8lgende p\u00e5, \/\/politiken.dk:80\/politik\/ECE1251375\/df-beder-barfoed-stoppe-muslimsk-praedikant\/&#8221; politiken.dk &#8211; flakser rundt i et orgie af selvpromoverende frustrationer overrasker ikke.<\/p>\n<p>Han var, som flere vil huske det, fortaler for at faderhusets <span style=\"text-decoration: underline;\"><a href=\"http:\/\/df-nyt.dk\/?p=12470\">sorte skole<\/a><\/span>, skulle g\u00f8res til et landsd\u00e6kkende projekt &#8211; s\u00e5 alle skoleb\u00f8rn kunne f\u00e5 samme elendige uddannelse.<\/p>\n<p>For yderlig l\u00e6sning.<\/p>\n<p><a href=\"http:\/\/df-nyt.dk\/?p=19455\"><span style=\"text-decoration: underline;\">Nope \u2013 Demokrati er ikke bare en stemme! <\/span><\/a><\/p>\n<p><a href=\"http:\/\/df-nyt.dk\/?p=18711\"><span style=\"text-decoration: underline;\">For\u00e6ldrevold mod en kun 11-\u00e5rig dreng<\/span><\/a><\/p>\n<p><a href=\"http:\/\/df-nyt.dk\/?p=19471\" target=\"_blank\" rel=\"noopener\"><span style=\"text-decoration: underline;\">Er det i orden at pr\u00e6ster st\u00f8tter ydmygelser af b\u00f8rn? <\/span><\/a><\/p>\n<p><a href=\"http:\/\/df-nyt.dk\/?p=17501\" target=\"_blank\" rel=\"noopener\"><span style=\"text-decoration: underline;\">Dansk Folkepartis Martin Henriksen har det sv\u00e6rt for tiden<\/span><\/a><br \/>\n&nbsp;<\/p>\n","protected":false},"excerpt":{"rendered":"<p>Pia Allerslev: \u00bbHan er en rigtig ubehagelig person med rigtig ubehagelige synspunkter\u00ab Ham kender jeg! &#8211; var min f\u00f8rste tanke. Men jeg tog fejl &#8211; Det var ikke lige den person jeg t\u00e6nkte p\u00e5, &#8211; som Pia Allerslev mente. Men derimod en yderligtg\u00e5ende pr\u00e6dikant som skal tale ved et m\u00f8de p\u00e5 N\u00f8rrebro, som er arrangeret [&hellip;]<\/p>\n","protected":false},"author":10,"featured_media":0,"comment_status":"open","ping_status":"closed","sticky":false,"template":"","format":"standard","meta":{"footnotes":""},"categories":[1],"tags":[],"class_list":["post-19526","post","type-post","status-publish","format-standard","hentry","category-df-nyt-dk"],"_links":{"self":[{"href":"https:\/\/df-nyt.dk\/blog\/wp-json\/wp\/v2\/posts\/19526","targetHints":{"allow":["GET"]}}],"collection":[{"href":"https:\/\/df-nyt.dk\/blog\/wp-json\/wp\/v2\/posts"}],"about":[{"href":"https:\/\/df-nyt.dk\/blog\/wp-json\/wp\/v2\/types\/post"}],"author":[{"embeddable":true,"href":"https:\/\/df-nyt.dk\/blog\/wp-json\/wp\/v2\/users\/10"}],"replies":[{"embeddable":true,"href":"https:\/\/df-nyt.dk\/blog\/wp-json\/wp\/v2\/comments?post=19526"}],"version-history":[{"count":3,"href":"https:\/\/df-nyt.dk\/blog\/wp-json\/wp\/v2\/posts\/19526\/revisions"}],"predecessor-version":[{"id":108674,"href":"https:\/\/df-nyt.dk\/blog\/wp-json\/wp\/v2\/posts\/19526\/revisions\/108674"}],"wp:attachment":[{"href":"https:\/\/df-nyt.dk\/blog\/wp-json\/wp\/v2\/media?parent=19526"}],"wp:term":[{"taxonomy":"category","embeddable":true,"href":"https:\/\/df-nyt.dk\/blog\/wp-json\/wp\/v2\/categories?post=19526"},{"taxonomy":"post_tag","embeddable":true,"href":"https:\/\/df-nyt.dk\/blog\/wp-json\/wp\/v2\/tags?post=19526"}],"curies":[{"name":"wp","href":"https:\/\/api.w.org\/{rel}","templated":true}]}}