{"id":19544,"date":"2011-04-11T15:43:40","date_gmt":"2011-04-11T14:43:40","guid":{"rendered":"http:\/\/df-nyt.dk\/?p=19544"},"modified":"2025-07-14T06:12:12","modified_gmt":"2025-07-14T04:12:12","slug":"df-nyt-blogger-idomt-tre-ars-faengsel","status":"publish","type":"post","link":"https:\/\/df-nyt.dk\/blog\/df-nyt-blogger-idomt-tre-ars-faengsel\/","title":{"rendered":"DF-NYT: Blogger id\u00f8mt tre \u00e5rs f\u00e6ngsel"},"content":{"rendered":"<p><img loading=\"lazy\" decoding=\"async\" class=\"alignleft size-full \" title=\"110420111634\" src=\"https:\/\/df-nyt.dk\/\/wp-content\/uploads\/1104201116341.png\" alt=\"\" width=\"272\" height=\"198\" \/><br \/>\nBlogger id\u00f8mt tre \u00e5rs f\u00e6ngsel<br \/>\nDommen forventes at skabe stor vrede i Bloggermilj\u00f8et<br \/>\nIkke kun i Dansk Folkepartis virkelighedsopfattelse er ytringsfrihed en n\u00f8je afm\u00e5lt st\u00f8rrelse.<\/p>\n<p>Her i Danmark, skal den helst ogs\u00e5 holdes indenfor rammerne af hvad Martin Henriksen finder rimeligt.<br \/>\nFor som han siger til politiken.dk<br \/>\n\/\/politiken.dk:80\/politik\/ECE1251375\/df-beder-barfoed-stoppe-muslimsk-praedikant\/&#8221; <\/p>\n<p>\u00bbHvis den nuv\u00e6rende lovgivning ikke er tilstr\u00e6kkelig, ser vi meget gerne, at justitsministeren kigger p\u00e5 ny lovgivning, der tager hensyn til, at folk skal have lov til at ytre sig.<\/p>\n<p>Men alt inden for rimelighedens gr\u00e6nser\u00ab, mener Dansk Folkeparti&#8217;s socialordf\u00f8rer<br \/>\nog medlem af Folketingets integrationsudvalg, Martin Henriksen.<br \/>\n&nbsp;<br \/>\n<img loading=\"lazy\" decoding=\"async\" src=\"https:\/\/df-nyt.dk\/wp-content\/uploads\/110420111733.png\" alt=\"\" width=\"400\" height=\"390\" class=\"alignleft size-medium \" \/><\/p>\n<p>En Egyptiske blogger har f\u00e5et en f\u00e6ngselsstraf for at have kritiseret h\u00e6ren<br \/>\nDen egyptiske blogger blev for sin kritik af h\u00e6ren i landet id\u00f8mt tre \u00e5r i f\u00e6ngsel.<\/p>\n<p>En milit\u00e6r domstol har p\u00e5lagt sanktionen mod Nabil Maikel mandag, siger hans advokat Gamal Eid.<\/p>\n<p>Hverken Nabil eller advokater m\u00e5tte v\u00e6re til stede under strafudm\u00e5lingen,<br \/>\nder foregik, &#8220;n\u00e6sten i hemmelighed&#8221;.<\/p>\n<p>Dommen ventes at udl\u00f8se vrede i det store bloggermilj\u00f8 i Egypten, der som f\u00f8lge af omstyrtelsen af pr\u00e6sident Hosni Mubarak i februar 2011, havde h\u00e5bet p\u00e5, at f\u00e5 en st\u00f8rre ytringsfrihed.<\/p>\n<p>Sagen mod Nabil er den f\u00f8rste mod en blogger ved en milit\u00e6r domstol,<br \/>\nsiden milit\u00e6ret overtog magten i Egypten efter Mubarak.<\/p>\n<p>Nabil blev arresteret i slutningen af marts efter at han havde offentliggjort,<br \/>\nblandt andet p\u00e5 Facebook, kritiske artikler om h\u00e6ren.<\/p>\n<p>Menneskerettighedsorganisationen Human Rights Watch opfordrede i sidste uge anklagerne<br \/>\ntil at droppe sagen mod bloggeren. Skriver weebsiden: Z\u00fcrichsee-Zeitun<\/p>\n<p>Reference<br \/>\n\/\/politiken.dk :80\/politik\/ECE1251375\/df-beder-barfoed-stoppe-praedikant\/<\/p>\n<p>For yderlig l\u00e6sning<\/p>\n<p><a href=\"https:\/\/df-nyt.dk\/?p=19526  \/\" rel=\"noreferrer nofollow\"><span style=\"text-decoration: underline;\">Pia Allerslev: \u00bbHan er en rigtig ubehagelig person med rigtig ubehagelige synspunkter\u00ab<\/span><\/a><br \/>\n&nbsp;<br \/>\n<a href=\"https:\/\/df-nyt.dk\/?p=14176 \/\" rel=\"noreferrer nofollow\"><span style=\"text-decoration: underline;\">Ytringsfriheden i Danmark lider<\/span><\/a><br \/>\n&nbsp;<br \/>\n<a href=\"https:\/\/df-nyt.dk\/?p=16526 \/\" rel=\"noreferrer nofollow\"><span style=\"text-decoration: underline;\">Dr\u00e6b bloggeren, og tag ytringsfriheden med <\/span><\/a><br \/>\n&nbsp;<\/p>\n","protected":false},"excerpt":{"rendered":"<p>Blogger id\u00f8mt tre \u00e5rs f\u00e6ngsel Dommen forventes at skabe stor vrede i Bloggermilj\u00f8et Ikke kun i Dansk Folkepartis virkelighedsopfattelse er ytringsfrihed en n\u00f8je afm\u00e5lt st\u00f8rrelse. Her i Danmark, skal den helst ogs\u00e5 holdes indenfor rammerne af hvad Martin Henriksen finder rimeligt. For som han siger til politiken.dk \/\/politiken.dk:80\/politik\/ECE1251375\/df-beder-barfoed-stoppe-muslimsk-praedikant\/&#8221; \u00bbHvis den nuv\u00e6rende lovgivning ikke er tilstr\u00e6kkelig, [&hellip;]<\/p>\n","protected":false},"author":10,"featured_media":0,"comment_status":"open","ping_status":"closed","sticky":false,"template":"","format":"standard","meta":{"footnotes":""},"categories":[1],"tags":[],"class_list":["post-19544","post","type-post","status-publish","format-standard","hentry","category-df-nyt-dk"],"_links":{"self":[{"href":"https:\/\/df-nyt.dk\/blog\/wp-json\/wp\/v2\/posts\/19544","targetHints":{"allow":["GET"]}}],"collection":[{"href":"https:\/\/df-nyt.dk\/blog\/wp-json\/wp\/v2\/posts"}],"about":[{"href":"https:\/\/df-nyt.dk\/blog\/wp-json\/wp\/v2\/types\/post"}],"author":[{"embeddable":true,"href":"https:\/\/df-nyt.dk\/blog\/wp-json\/wp\/v2\/users\/10"}],"replies":[{"embeddable":true,"href":"https:\/\/df-nyt.dk\/blog\/wp-json\/wp\/v2\/comments?post=19544"}],"version-history":[{"count":5,"href":"https:\/\/df-nyt.dk\/blog\/wp-json\/wp\/v2\/posts\/19544\/revisions"}],"predecessor-version":[{"id":109028,"href":"https:\/\/df-nyt.dk\/blog\/wp-json\/wp\/v2\/posts\/19544\/revisions\/109028"}],"wp:attachment":[{"href":"https:\/\/df-nyt.dk\/blog\/wp-json\/wp\/v2\/media?parent=19544"}],"wp:term":[{"taxonomy":"category","embeddable":true,"href":"https:\/\/df-nyt.dk\/blog\/wp-json\/wp\/v2\/categories?post=19544"},{"taxonomy":"post_tag","embeddable":true,"href":"https:\/\/df-nyt.dk\/blog\/wp-json\/wp\/v2\/tags?post=19544"}],"curies":[{"name":"wp","href":"https:\/\/api.w.org\/{rel}","templated":true}]}}