{"id":19575,"date":"2011-04-12T07:14:42","date_gmt":"2011-04-12T06:14:42","guid":{"rendered":"http:\/\/df-nyt.dk\/?p=19575"},"modified":"2017-08-24T06:26:01","modified_gmt":"2017-08-24T04:26:01","slug":"19575","status":"publish","type":"post","link":"https:\/\/df-nyt.dk\/blog\/19575\/","title":{"rendered":"Nazi-gruppe forbudt i Brandenburg"},"content":{"rendered":"<p><a href=\"https:\/\/df-nyt.dk\/blog\/wp-content\/uploads\/120420110747.png\"><img loading=\"lazy\" decoding=\"async\" class=\"alignleft size-full wp-image-19576\" title=\"120420110747\" src=\"https:\/\/df-nyt.dk\/blog\/wp-content\/uploads\/120420110747.png\" alt=\"\" width=\"289\" height=\"227\" \/><\/a><\/p>\n<p>&nbsp;<\/p>\n<p><strong>Nazi-gruppe forbudt i Brandenburg<\/strong><br \/>\nBrandenburgs indenrigsminister Dietmar Woidke (SPD) har mandag forbudt den h\u00f8jreorienterede gruppe &#8220;free kr\u00e6fter Teltow-Fl\u00e4ming (FKTF).<\/p>\n<p>Mere end 175 politifolk stormede tidligt om morgenen 20 lejligheder.<\/p>\n<p>Man fandt og konfiskerede hagekors, propagandamateriale, knive, knipler og harddiske.<\/p>\n<p>Gruppen havde omkring 50 medlemmer og var en af de vigtigste neo-nazistiske grupper i Brandenburg.<\/p>\n<p>Ved middagstid sagde Woidke p\u00e5 en pressekonference, at FKTF, klart var imod den forfatningsm\u00e6ssige orden i Forbundsrepublikken.<\/p>\n<p>Gruppen repr\u00e6senterede en racistisk holdning og distribueres antisemitisk propaganda.<\/p>\n<p>Mange af medlemmerne havde beg\u00e5et forbrydelser, som regel i direkte relation til medlemskab af klubben.<\/p>\n<p>Mindst \u00e9t medlem af FKTF har v\u00e6ret involveret i brandstiftelse.<\/p>\n<p><strong>Skriver man p\u00e5 weebsiden <a href=\"http:\/\/blog.zeit.de\/stoerungsmelder\/2011\/04\/11\/nazigruppe-in-brandenburg-verboten_6044#more-6044\">Zeit online<\/a><\/strong><\/p>\n<p><strong>L\u00e6s ogs\u00e5:<\/strong><\/p>\n<p><a href=\"http:\/\/df-nyt.dk\/?p=19077\"><span style=\"text-decoration: underline;\"><strong>Kendisnazist kapitulerer i DNSB og hygger med gamle venner p\u00e5 FB <\/strong><\/span><\/a><\/p>\n<p>&nbsp;<br \/>\n<a href=\"http:\/\/df-nyt.dk\/?p=19515\"><span style=\"text-decoration: underline;\"><strong>Bliv overfaldet af White Pride og tilbring natten i detentionen <\/strong><\/span><\/a><\/p>\n<p><strong>***********************<\/strong><\/p>\n","protected":false},"excerpt":{"rendered":"<p>&nbsp; Nazi-gruppe forbudt i Brandenburg Brandenburgs indenrigsminister Dietmar Woidke (SPD) har mandag forbudt den h\u00f8jreorienterede gruppe &#8220;free kr\u00e6fter Teltow-Fl\u00e4ming (FKTF). Mere end 175 politifolk stormede tidligt om morgenen 20 lejligheder. Man fandt og konfiskerede hagekors, propagandamateriale, knive, knipler og harddiske. Gruppen havde omkring 50 medlemmer og var en af de vigtigste neo-nazistiske grupper i Brandenburg. [&hellip;]<\/p>\n","protected":false},"author":10,"featured_media":0,"comment_status":"open","ping_status":"closed","sticky":false,"template":"","format":"standard","meta":{"footnotes":""},"categories":[1],"tags":[],"class_list":["post-19575","post","type-post","status-publish","format-standard","hentry","category-df-nyt-dk"],"_links":{"self":[{"href":"https:\/\/df-nyt.dk\/blog\/wp-json\/wp\/v2\/posts\/19575","targetHints":{"allow":["GET"]}}],"collection":[{"href":"https:\/\/df-nyt.dk\/blog\/wp-json\/wp\/v2\/posts"}],"about":[{"href":"https:\/\/df-nyt.dk\/blog\/wp-json\/wp\/v2\/types\/post"}],"author":[{"embeddable":true,"href":"https:\/\/df-nyt.dk\/blog\/wp-json\/wp\/v2\/users\/10"}],"replies":[{"embeddable":true,"href":"https:\/\/df-nyt.dk\/blog\/wp-json\/wp\/v2\/comments?post=19575"}],"version-history":[{"count":0,"href":"https:\/\/df-nyt.dk\/blog\/wp-json\/wp\/v2\/posts\/19575\/revisions"}],"wp:attachment":[{"href":"https:\/\/df-nyt.dk\/blog\/wp-json\/wp\/v2\/media?parent=19575"}],"wp:term":[{"taxonomy":"category","embeddable":true,"href":"https:\/\/df-nyt.dk\/blog\/wp-json\/wp\/v2\/categories?post=19575"},{"taxonomy":"post_tag","embeddable":true,"href":"https:\/\/df-nyt.dk\/blog\/wp-json\/wp\/v2\/tags?post=19575"}],"curies":[{"name":"wp","href":"https:\/\/api.w.org\/{rel}","templated":true}]}}