{"id":19585,"date":"2011-04-12T08:20:25","date_gmt":"2011-04-12T07:20:25","guid":{"rendered":"http:\/\/df-nyt.dk\/?p=19585"},"modified":"2025-09-14T18:48:51","modified_gmt":"2025-09-14T16:48:51","slug":"de-kreative-synes-godt-om-svendborg","status":"publish","type":"post","link":"https:\/\/df-nyt.dk\/blog\/de-kreative-synes-godt-om-svendborg\/","title":{"rendered":"De kreative synes godt om Svendborg"},"content":{"rendered":"<p><img loading=\"lazy\" decoding=\"async\" class=\"alignleft size-full \" title=\"120420110917\" src=\"https:\/\/df-nyt.dk\/blog\/wp-content\/uploads\/120420110917.png\" alt=\"\" width=\"300\" height=\"215\" \/>\u2019Den kreative klasse\u2019 tog verden med storm, da begrebet blev introduceret i USA i 2002.<\/p>\n<p>Det var de kreative, som skulle sikre fremtidens velf\u00e6rd.<br \/>\nI Danmark tilh\u00f8rer en tredjedel af alle l\u00f8nmodtagere den ombejlede klasse, og Svendborg ryger ind p\u00e5 en tredjeplads med sine mange kreative sj\u00e6le, som bestemt ikke savner storbyens puls.<br \/>\nDe drikker cafe latte, bor i K\u00f8benhavn og l\u00e6ser dagbladet Information.<\/p>\n<p>De stemmer radikalt og s\u00e6tter kun deres t\u00e6nder i \u00f8kologiske r\u00e5varer.<\/p>\n<p>Der er masser af p\u00e5stande om den kreative klasse, men sandheden er en anden, for de kan liges\u00e5 godt spise \u00e6g fra burh\u00f8ns, arbejde i en bank og bo lige udenfor Svendborg.<\/p>\n<p>Medlemmerne af den kreative klasse er nemlig udelukkende bundet sammen af deres virke som kreative og ikke p\u00e5 grund af deres politiske overbevisning, deres valg af f\u00f8devarer eller bop\u00e6l.<\/p>\n<p>Godt nok bor en stor andel af de kreative i byregioner som K\u00f8benhavn og \u00c5rhus, men s\u00e5 slutter det ogs\u00e5.<\/p>\n<p>For p\u00e5 en tredjeplads over byregioner med den st\u00f8rste andel af kreative finder man Svendborg, skarpt forfulgt af S\u00f8nderborg og Marstal.<\/p>\n<p>Men hvis ikke hele den kreative klasse drikker \u00f8kologisk cafe latte p\u00e5 Caf\u00e9 Europa p\u00e5 H\u00f8jbro Plads i K\u00f8benhavn, hvem er de s\u00e5, og hvor bor de?<\/p>\n<p>Skriver Janne Villadsen Jensen p\u00e5 Svendborg Netavis. &#8211;<br \/>\n\/\/www.svendborgsnetavis.dk\/de-kreative-synes-godt-om-svendborg\/&#8221;<\/p>\n<p>L\u00e6s ogs\u00e5:<br \/>\n<a href=\"http:\/\/df-nyt.dk\/?p=19471\"><span style=\"text-decoration: underline;\">Er det iorden at pr\u00e6ster st\u00f8tter ydmygelser af b\u00f8rn? <\/span><\/a><br \/>\n&nbsp;<\/p>\n<p><a href=\"http:\/\/df-nyt.dk\/?p=19526\"><span style=\"text-decoration: underline;\">Pia Allerslev: \u00bbHan er en rigtig ubehagelig person med rigtig ubehagelige synspunkter\u00ab <\/span><\/a><\/p>\n","protected":false},"excerpt":{"rendered":"<p>\u2019Den kreative klasse\u2019 tog verden med storm, da begrebet blev introduceret i USA i 2002. Det var de kreative, som skulle sikre fremtidens velf\u00e6rd. I Danmark tilh\u00f8rer en tredjedel af alle l\u00f8nmodtagere den ombejlede klasse, og Svendborg ryger ind p\u00e5 en tredjeplads med sine mange kreative sj\u00e6le, som bestemt ikke savner storbyens puls. De drikker [&hellip;]<\/p>\n","protected":false},"author":10,"featured_media":0,"comment_status":"open","ping_status":"closed","sticky":false,"template":"","format":"standard","meta":{"footnotes":""},"categories":[1],"tags":[],"class_list":["post-19585","post","type-post","status-publish","format-standard","hentry","category-df-nyt-dk"],"_links":{"self":[{"href":"https:\/\/df-nyt.dk\/blog\/wp-json\/wp\/v2\/posts\/19585","targetHints":{"allow":["GET"]}}],"collection":[{"href":"https:\/\/df-nyt.dk\/blog\/wp-json\/wp\/v2\/posts"}],"about":[{"href":"https:\/\/df-nyt.dk\/blog\/wp-json\/wp\/v2\/types\/post"}],"author":[{"embeddable":true,"href":"https:\/\/df-nyt.dk\/blog\/wp-json\/wp\/v2\/users\/10"}],"replies":[{"embeddable":true,"href":"https:\/\/df-nyt.dk\/blog\/wp-json\/wp\/v2\/comments?post=19585"}],"version-history":[{"count":4,"href":"https:\/\/df-nyt.dk\/blog\/wp-json\/wp\/v2\/posts\/19585\/revisions"}],"predecessor-version":[{"id":109942,"href":"https:\/\/df-nyt.dk\/blog\/wp-json\/wp\/v2\/posts\/19585\/revisions\/109942"}],"wp:attachment":[{"href":"https:\/\/df-nyt.dk\/blog\/wp-json\/wp\/v2\/media?parent=19585"}],"wp:term":[{"taxonomy":"category","embeddable":true,"href":"https:\/\/df-nyt.dk\/blog\/wp-json\/wp\/v2\/categories?post=19585"},{"taxonomy":"post_tag","embeddable":true,"href":"https:\/\/df-nyt.dk\/blog\/wp-json\/wp\/v2\/tags?post=19585"}],"curies":[{"name":"wp","href":"https:\/\/api.w.org\/{rel}","templated":true}]}}