{"id":19598,"date":"2011-04-12T14:40:57","date_gmt":"2011-04-12T13:40:57","guid":{"rendered":"http:\/\/df-nyt.dk\/?p=19598"},"modified":"2016-11-16T20:32:24","modified_gmt":"2016-11-16T19:32:24","slug":"dansk-metal-2020-plan-mangler-job","status":"publish","type":"post","link":"https:\/\/df-nyt.dk\/blog\/dansk-metal-2020-plan-mangler-job\/","title":{"rendered":"Dansk Metal: 2020-plan mangler job"},"content":{"rendered":"<p><a href=\"https:\/\/df-nyt.dk\/blog\/wp-content\/uploads\/120420111540.png\"><img loading=\"lazy\" decoding=\"async\" class=\"alignleft size-full wp-image-19599\" title=\"120420111540\" src=\"https:\/\/df-nyt.dk\/blog\/wp-content\/uploads\/120420111540.png\" alt=\"\" width=\"195\" height=\"150\" \/><\/a><\/p>\n<p>Dansk Metal kritiserer regeringens 2020-plan for at mangle job og v\u00e6kst.<\/p>\n<p>Samtidig afviser forbundet regeringens planer om at afskaffe eller forringe efterl\u00f8nnen.<\/p>\n<p>Regeringens 2020-plan er fuldst\u00e6ndig blottet for initiativer, der skaber v\u00e6kst og besk\u00e6ftigelse.<\/p>\n<p>Det mener Dansk Metals forbundsformand, Thorklid E. Jensen:<\/p>\n<p>&#8211; Vi har omtrent 170.000 ledige i \u00f8jeblikket, og den private besk\u00e6ftigelse er blevet bombet mange \u00e5r tilbage.<\/p>\n<p>Det har is\u00e6r ramt industrien h\u00e5rdt, og derfor er der brug for at f\u00e5 sat gang i v\u00e6ksten.<\/p>\n<p>Desv\u00e6rre g\u00f8r regeringen det stik modsatte:<\/p>\n<p>Regeringens politik bremser v\u00e6ksten og \u00f8del\u00e6gger mulighederne for at f\u00e5 et opsving i gang, der kan skabe nye arbejdspladser, siger Thorkild E. Jensen.<\/p>\n<p>&#8211; Der er i mine \u00f8jne to veje for Danmark: Regeringens vej er at spare og sk\u00e6re, mens vi foretr\u00e6kker at arbejde os ud af krisen og skabe fremgang og v\u00e6kst uden at sk\u00e6re p\u00e5 velf\u00e6rd, dagpenge og efterl\u00f8n, siger Thorkild E. Jensen.<\/p>\n<p>Thorkild E. Jensen understreger, at Dansk Metal ikke kan acceptere, at efterl\u00f8nnen bliver forringet:<\/p>\n<p>&#8211; Efterl\u00f8nnen er afg\u00f8rende for mange af vores medlemmer, som efter et langt og fysisk h\u00e5rdt arbejdsliv, b\u00f8r have ret til selv at afg\u00f8re, hvorn\u00e5r de skal tr\u00e6kke sig tilbage, mener Thorkild E. Jensen.<\/p>\n<p>&#8211; Argumentet om, at det blot er direkt\u00f8rer og golfspillende tandl\u00e6ger, der g\u00e5r p\u00e5 efterl\u00f8n, holder slet ikke. Over 80 pct. af efterl\u00f8nnerne i dag er fagl\u00e6rte og ufagl\u00e6rte, og n\u00e5r de rammer efterl\u00f8nsalderen, er mange af dem nedslidte. For dem er retten til efterl\u00f8n afg\u00f8rende, siger Thorkild E. Jensen.<\/p>\n<p>Han fremh\u00e6ver resultaterne af Dansk Metals \u00e5rlige efterl\u00f8nsunders\u00f8gelse, der dokumenterer, at efterl\u00f8nnen langt fra altid er et frit valg.<\/p>\n<p>N\u00e6sten hver fjerde angiver ledighed som \u00e5rsag til at de g\u00e5r p\u00e5 efterl\u00f8n, og mange er direkte blevet presset af arbejdsgiveren.<\/p>\n<p>&#8211; Hvis folk skal blive l\u00e6ngere p\u00e5 arbejdsmarkedet, s\u00e5 burde regeringen i stedet koncentrere sig om tre ting:<\/p>\n<p>Forbedre arbejdsmilj\u00f8et, s\u00e5 nedslidning undg\u00e5s; for\u00f8ge uddannelsesniveauet og \u00f8ge pr\u00e6mieringen ved senere tilbagetr\u00e6kning.<\/p>\n<p>Men det er der intet af i regeringens 2020-plan, siger Thorkild E. Jensen.<\/p>\n<p>&#8211; Det her er s\u00e5 afg\u00f8rende for vores velf\u00e6rdssamfund, at v\u00e6lgerne b\u00f8r sp\u00f8rges. Derfor b\u00f8r statsministeren udskrive valg, mener Thorkild E. Jensen.<\/p>\n<p><strong>L\u00e6s flere nyheder HER <\/strong><\/p>\n<p><strong>****************************************************************** <\/strong><\/p>\n<p>&nbsp;<\/p>\n","protected":false},"excerpt":{"rendered":"<p>Dansk Metal kritiserer regeringens 2020-plan for at mangle job og v\u00e6kst. Samtidig afviser forbundet regeringens planer om at afskaffe eller forringe efterl\u00f8nnen. Regeringens 2020-plan er fuldst\u00e6ndig blottet for initiativer, der skaber v\u00e6kst og besk\u00e6ftigelse. Det mener Dansk Metals forbundsformand, Thorklid E. Jensen: &#8211; Vi har omtrent 170.000 ledige i \u00f8jeblikket, og den private besk\u00e6ftigelse er [&hellip;]<\/p>\n","protected":false},"author":10,"featured_media":0,"comment_status":"open","ping_status":"closed","sticky":false,"template":"","format":"standard","meta":{"footnotes":""},"categories":[1],"tags":[],"class_list":["post-19598","post","type-post","status-publish","format-standard","hentry","category-df-nyt-dk"],"_links":{"self":[{"href":"https:\/\/df-nyt.dk\/blog\/wp-json\/wp\/v2\/posts\/19598","targetHints":{"allow":["GET"]}}],"collection":[{"href":"https:\/\/df-nyt.dk\/blog\/wp-json\/wp\/v2\/posts"}],"about":[{"href":"https:\/\/df-nyt.dk\/blog\/wp-json\/wp\/v2\/types\/post"}],"author":[{"embeddable":true,"href":"https:\/\/df-nyt.dk\/blog\/wp-json\/wp\/v2\/users\/10"}],"replies":[{"embeddable":true,"href":"https:\/\/df-nyt.dk\/blog\/wp-json\/wp\/v2\/comments?post=19598"}],"version-history":[{"count":0,"href":"https:\/\/df-nyt.dk\/blog\/wp-json\/wp\/v2\/posts\/19598\/revisions"}],"wp:attachment":[{"href":"https:\/\/df-nyt.dk\/blog\/wp-json\/wp\/v2\/media?parent=19598"}],"wp:term":[{"taxonomy":"category","embeddable":true,"href":"https:\/\/df-nyt.dk\/blog\/wp-json\/wp\/v2\/categories?post=19598"},{"taxonomy":"post_tag","embeddable":true,"href":"https:\/\/df-nyt.dk\/blog\/wp-json\/wp\/v2\/tags?post=19598"}],"curies":[{"name":"wp","href":"https:\/\/api.w.org\/{rel}","templated":true}]}}