{"id":19684,"date":"2011-04-16T07:06:30","date_gmt":"2011-04-16T06:06:30","guid":{"rendered":"http:\/\/df-nyt.dk\/?p=19684"},"modified":"2024-10-28T21:07:39","modified_gmt":"2024-10-28T20:07:39","slug":"sf-vaek-med-st%c3%b8jbergs-dumme-regler-sf-st%c3%b8tter-storbyernes-opr%c3%b8r","status":"publish","type":"post","link":"https:\/\/df-nyt.dk\/blog\/sf-vaek-med-st%c3%b8jbergs-dumme-regler-sf-st%c3%b8tter-storbyernes-opr%c3%b8r\/","title":{"rendered":"SF: V\u00e6k med St\u00f8jbergs dumme regler &#8211; SF st\u00f8tter storbyernes opr\u00f8r"},"content":{"rendered":"<p><img loading=\"lazy\" decoding=\"async\" class=\"alignleft  \" src=\"https:\/\/df-nyt.dk\/wp-content\/uploads\/150420112048.png\" alt=\"\" width=\"357\" height=\"260\" \/>SF: V\u00e6k med St\u00f8jbergs dumme regler -SF st\u00f8tter storbyernes opr\u00f8r<\/p>\n<p>Arbejdsl\u00f8se vil f\u00e5 langt bedre hj\u00e6lp, hvis man f\u00f8lger nyt forslag fra de seks st\u00f8rste kommuner i Danmark. Skriver SF i sin pressemeddelelse<\/p>\n<p>-Og forts\u00e6tter<br \/>\nDen enkelte lediges og arbejdsmarkedets behov vil komme i centrum, siger SF\u2019s arbejdsmarkedsordf\u00f8rer Eigil Andersen.<\/p>\n<p>Det er s\u00f8d musik i mine \u00f8rer, at K\u00f8benhavn, \u00c5rhus, Odense, Aalborg, Esbjerg og Randers vil af med de alt for firkantede regler, som Claus Hjort Frederiksen og Inger St\u00f8jberg har begravet arbejdsl\u00f8se og jobcentre i.<\/p>\n<p>Det er et vanvittigt bureaukrati, de borgerlige har skabt, og som efterlader arbejdsl\u00f8se som taberne. Det kan vi som samfund ikke v\u00e6re bekendt.<\/p>\n<p>Men det er ogs\u00e5 en rigtig d\u00e5rlig forretning for samfundet. De stive regler hj\u00e6lper ikke ledige til en fremtid p\u00e5 arbejdsmarkedet, siger Eigil Andersen.<\/p>\n<p>De seks storbyer i Danmark har fremlagt et f\u00e6lles forslag til fornyelse af besk\u00e6ftigelsespolitikken, som er omtalt i Berlingske i dag. (15. \u200eapril \u200e2011)<\/p>\n<p>Kommunerne kr\u00e6ver bl.a. at f\u00e5 fjernet de stramme og ufleksible regler, hvor samtaler og aktivering skal finde sted p\u00e5 dato -uanset om samtalerne og aktiveringen er meningsl\u00f8s i forhold til den enkelte.<\/p>\n<p>Dette er spild af ressourcer, mener de seks st\u00f8rste kommuner.<br \/>\nI stedet \u00f8nsker de f.eks. at f\u00e5 intelligent aktivering, hvor man kan tilpasse indsatsen efter den enkelte arbejdsl\u00f8se og arbejdsmarkedets behov.<\/p>\n<p>H\u00f8j refusion fra staten skal ikke styre hvilken form for aktivering, den ledige skal have.<\/p>\n<p>Fokus skal i stedet v\u00e6re, hvad der hj\u00e6lper vedkommende bedst.<br \/>\nSt\u00f8jberg b\u00f8r tage forslagene fra de seks folkerigeste kommuner i Danmark til sig.<\/p>\n<p>Men sandheden er desv\u00e6rre nok, at vi kun f\u00e5r forbedret hj\u00e6lpen til de arbejdsl\u00f8se, hvis det lykkes at f\u00e5 et andet flertal ved folketingsvalget, siger Eigil Andersen, if\u00f8lge pressemeddelelsen<\/p>\n<p>For yderlig l\u00e6sning<\/p>\n<p><a href=\"http:\/\/sf.dk\/\" target=\"_blank\" rel=\"noopener noreferrer\"><u>Seneste nyt fra SF <\/u><\/a><br \/>\n&nbsp;<br \/>\n<a href=\"http:\/\/greens-efa.eu\/\" target=\"_blank\" rel=\"noopener noreferrer; noreferrer\"><span style=\"text-decoration underline\"><u>Se den Gr\u00f8nne gruppe i parlamentet her<\/u><\/span><\/a><\/p>\n","protected":false},"excerpt":{"rendered":"<p>SF: V\u00e6k med St\u00f8jbergs dumme regler -SF st\u00f8tter storbyernes opr\u00f8r Arbejdsl\u00f8se vil f\u00e5 langt bedre hj\u00e6lp, hvis man f\u00f8lger nyt forslag fra de seks st\u00f8rste kommuner i Danmark. Skriver SF i sin pressemeddelelse -Og forts\u00e6tter Den enkelte lediges og arbejdsmarkedets behov vil komme i centrum, siger SF\u2019s arbejdsmarkedsordf\u00f8rer Eigil Andersen. Det er s\u00f8d musik i [&hellip;]<\/p>\n","protected":false},"author":10,"featured_media":0,"comment_status":"open","ping_status":"closed","sticky":false,"template":"","format":"standard","meta":{"footnotes":""},"categories":[1],"tags":[],"class_list":["post-19684","post","type-post","status-publish","format-standard","hentry","category-df-nyt-dk"],"_links":{"self":[{"href":"https:\/\/df-nyt.dk\/blog\/wp-json\/wp\/v2\/posts\/19684","targetHints":{"allow":["GET"]}}],"collection":[{"href":"https:\/\/df-nyt.dk\/blog\/wp-json\/wp\/v2\/posts"}],"about":[{"href":"https:\/\/df-nyt.dk\/blog\/wp-json\/wp\/v2\/types\/post"}],"author":[{"embeddable":true,"href":"https:\/\/df-nyt.dk\/blog\/wp-json\/wp\/v2\/users\/10"}],"replies":[{"embeddable":true,"href":"https:\/\/df-nyt.dk\/blog\/wp-json\/wp\/v2\/comments?post=19684"}],"version-history":[{"count":3,"href":"https:\/\/df-nyt.dk\/blog\/wp-json\/wp\/v2\/posts\/19684\/revisions"}],"predecessor-version":[{"id":106179,"href":"https:\/\/df-nyt.dk\/blog\/wp-json\/wp\/v2\/posts\/19684\/revisions\/106179"}],"wp:attachment":[{"href":"https:\/\/df-nyt.dk\/blog\/wp-json\/wp\/v2\/media?parent=19684"}],"wp:term":[{"taxonomy":"category","embeddable":true,"href":"https:\/\/df-nyt.dk\/blog\/wp-json\/wp\/v2\/categories?post=19684"},{"taxonomy":"post_tag","embeddable":true,"href":"https:\/\/df-nyt.dk\/blog\/wp-json\/wp\/v2\/tags?post=19684"}],"curies":[{"name":"wp","href":"https:\/\/api.w.org\/{rel}","templated":true}]}}