{"id":19693,"date":"2011-04-16T07:07:04","date_gmt":"2011-04-16T06:07:04","guid":{"rendered":"http:\/\/df-nyt.dk\/?p=19693"},"modified":"2024-10-20T21:01:51","modified_gmt":"2024-10-20T19:01:51","slug":"virksomhedsrettet-aktivering","status":"publish","type":"post","link":"https:\/\/df-nyt.dk\/blog\/virksomhedsrettet-aktivering\/","title":{"rendered":"Virksomhedsrettet Aktivering"},"content":{"rendered":"<p><img loading=\"lazy\" decoding=\"async\" class=\"alignleft size-full \" title=\"160420111026\" src=\"https:\/\/df-nyt.dk\/\/wp-content\/uploads\/160420111026.png\" alt=\"\" width=\"150\" height=\"146\" \/><br \/>\nVirksomhedsrettet Aktivering<\/p>\n<p>Et nyt initiativ p\u00e5 Webportalen, FaceBook<br \/>\n-Her kan man komme ind og skrive om sine oplevelser, man har haft med virksomheds-rettet aktivering.<\/p>\n<p>Udover at komme af med sine frustrationer eller fort\u00e6lle om sine gode oplevelser (hvis de findes) vil det g\u00f8re meget gavn i form af, at fort\u00e6llingerne kan bruges som dokumentation for, at der er et behov for, at \u00e6ndre aktiveringsformen.<\/p>\n<p>Ser frem til at l\u00e6se om din\/jeres historie ;-)<br \/>\nDer vil ogs\u00e5 blive lagt regler omkring virksomhedsrettet aktivering ind p\u00e5 siden,<br \/>\ns\u00e5 folk har mulighed for, at s\u00e6tte sig ind i tingene. Skriver gruppen i sin beskrivelse.<\/p>\n<p>Du kan skrive til dem p\u00e5 Mailadressen \u2014 gaktivering@groups.facebook.com<br \/>\nHer er nogle eksempler fra gruppens-verden<br \/>\n&nbsp;<br \/>\n<img loading=\"lazy\" decoding=\"async\" class=\"alignnone size-full \" title=\"160420110002\" src=\"https:\/\/df-nyt.dk\/\/wp-content\/uploads\/160420110002.png\" alt=\"\" width=\"487\" height=\"233\" \/><br \/>\n<img loading=\"lazy\" decoding=\"async\" class=\"alignnone size-full \" title=\"160420110004\" src=\"https:\/\/df-nyt.dk\/\/wp-content\/uploads\/160420110004.png\" alt=\"\" width=\"493\" height=\"105\" \/><br \/>\n<img loading=\"lazy\" decoding=\"async\" class=\"alignnone size-full \" title=\"16040009\" src=\"https:\/\/df-nyt.dk\/\/wp-content\/uploads\/16040009.png\" alt=\"\" width=\"502\" height=\"184\" \/><br \/>\n<img loading=\"lazy\" decoding=\"async\" class=\"alignnone size-full \" title=\"160420111023\" src=\"https:\/\/df-nyt.dk\/\/wp-content\/uploads\/160420111023.png\" alt=\"\" width=\"470\" height=\"830\" \/><\/p>\n<p>Reference<br \/>\nWebportalen \/\/facebook.com\/home.php?sk=group_185091931535323<\/p>\n<p>For yderlig l\u00e6sning<\/p>\n<p><a href=\"https:\/\/df-nyt.dk\/?p=13136\/\" target=\"_blank\" rel=\"noopener noreferrer\"><span style=\"text-decoration: underline;\">Jeg elsker Liberal Alliance <\/span><\/a><br \/>\n&nbsp;<br \/>\n<a href=\"https:\/\/df-nyt.dk\/?p=19118\/\" target=\"_blank\" rel=\"noopener noreferrer\"><span style=\"text-decoration: underline;\">Jobcentrets l\u00e6gekonsulent scorer kassen <\/span><\/a><br \/>\n&nbsp;<br \/>\n<a href=\"https:\/\/df-nyt.dk\/?p=19202\/\" target=\"_blank\" rel=\"noopener noreferrer\"><span style=\"text-decoration: underline;\">Holstebro invitere til Jobcenter Demo <\/span><\/a><br \/>\n&nbsp;<br \/>\n<a href=\"https:\/\/df-nyt.dk\/?p=18994\/\" target=\"_blank\" rel=\"noopener noreferrer\"><span style=\"text-decoration: underline;\">Tusinder i Facebook-demo p\u00e5 \u00e5rets f\u00f8rste for\u00e5rsdag<\/span><\/a><br \/>\n&nbsp;<br \/>\n<a href=\"https:\/\/df-nyt.dk\/?p=12994\/\" target=\"_blank\" rel=\"noopener noreferrer\"><span style=\"text-decoration: underline;\">Job-resource-profil p\u00e5 den perfekte Jobkonsulent? <\/span><\/a><br \/>\n&nbsp;<\/p>\n","protected":false},"excerpt":{"rendered":"<p>Virksomhedsrettet Aktivering Et nyt initiativ p\u00e5 Webportalen, FaceBook -Her kan man komme ind og skrive om sine oplevelser, man har haft med virksomheds-rettet aktivering. Udover at komme af med sine frustrationer eller fort\u00e6lle om sine gode oplevelser (hvis de findes) vil det g\u00f8re meget gavn i form af, at fort\u00e6llingerne kan bruges som dokumentation for, [&hellip;]<\/p>\n","protected":false},"author":10,"featured_media":0,"comment_status":"open","ping_status":"closed","sticky":false,"template":"","format":"standard","meta":{"footnotes":""},"categories":[1],"tags":[],"class_list":["post-19693","post","type-post","status-publish","format-standard","hentry","category-df-nyt-dk"],"_links":{"self":[{"href":"https:\/\/df-nyt.dk\/blog\/wp-json\/wp\/v2\/posts\/19693","targetHints":{"allow":["GET"]}}],"collection":[{"href":"https:\/\/df-nyt.dk\/blog\/wp-json\/wp\/v2\/posts"}],"about":[{"href":"https:\/\/df-nyt.dk\/blog\/wp-json\/wp\/v2\/types\/post"}],"author":[{"embeddable":true,"href":"https:\/\/df-nyt.dk\/blog\/wp-json\/wp\/v2\/users\/10"}],"replies":[{"embeddable":true,"href":"https:\/\/df-nyt.dk\/blog\/wp-json\/wp\/v2\/comments?post=19693"}],"version-history":[{"count":2,"href":"https:\/\/df-nyt.dk\/blog\/wp-json\/wp\/v2\/posts\/19693\/revisions"}],"predecessor-version":[{"id":105168,"href":"https:\/\/df-nyt.dk\/blog\/wp-json\/wp\/v2\/posts\/19693\/revisions\/105168"}],"wp:attachment":[{"href":"https:\/\/df-nyt.dk\/blog\/wp-json\/wp\/v2\/media?parent=19693"}],"wp:term":[{"taxonomy":"category","embeddable":true,"href":"https:\/\/df-nyt.dk\/blog\/wp-json\/wp\/v2\/categories?post=19693"},{"taxonomy":"post_tag","embeddable":true,"href":"https:\/\/df-nyt.dk\/blog\/wp-json\/wp\/v2\/tags?post=19693"}],"curies":[{"name":"wp","href":"https:\/\/api.w.org\/{rel}","templated":true}]}}