{"id":19702,"date":"2011-04-16T07:07:56","date_gmt":"2011-04-16T06:07:56","guid":{"rendered":"http:\/\/df-nyt.dk\/?p=19702"},"modified":"2017-09-06T14:34:13","modified_gmt":"2017-09-06T12:34:13","slug":"netavisen-jiyan-dk-mediernes-muslimske-kvinder-fakta-eller-myte","status":"publish","type":"post","link":"https:\/\/df-nyt.dk\/blog\/netavisen-jiyan-dk-mediernes-muslimske-kvinder-fakta-eller-myte\/","title":{"rendered":"Netavisen Jiyan.dk: Mediernes Muslimske Kvinder &#8211; fakta eller myte?"},"content":{"rendered":"<p><strong>Netavisen Jiyan.dk: Mediernes Muslimske Kvinder &#8211; fakta eller myte?<\/strong><\/p>\n<p><a href=\"https:\/\/df-nyt.dk\/blog\/wp-content\/uploads\/160420110450.png\"><img loading=\"lazy\" decoding=\"async\" class=\"alignleft size-full wp-image-19710\" title=\"160420110450\" src=\"https:\/\/df-nyt.dk\/blog\/wp-content\/uploads\/160420110450.png\" alt=\"\" width=\"200\" height=\"282\" \/><\/a><\/p>\n<p>Netavisen Jiyan.dk havde arrangeret en paneldebat i anledning af Kvindernes Internationale Kampdag den 6. marts.<\/p>\n<p>De skriver i opl\u00e6gget:<br \/>\n<em>&#8216;De muslimske kvinder fylder meget i det danske mediebillede. <\/em><\/p>\n<p><em>Vi bliver gennem medierne fodret med historier om muslimske kvinders livsstil, livs forhold og de mangeartede krav til dem. <\/em><\/p>\n<p><em>Nyhederne bev\u00e6ger sig lige fra historier om undertrykkelse, tvangs\u00e6gteskaber, \u00e6resdrab til historier om st\u00e6rke muslimske kvinder der med stor succes indtager universiteterne og arbejdsmarkedet. <\/em><\/p>\n<p><em>Hvad er myte og hvad er fakta? <\/em><\/p>\n<p><em>Fire kvinder giver deres indl\u00e6g og bud p\u00e5 hvad de tror virkeligheden er.&#8217;<\/em><\/p>\n<p style=\"text-align: center;\"><a href=\"https:\/\/df-nyt.dk\/blog\/wp-content\/uploads\/160420110428.png\"><img loading=\"lazy\" decoding=\"async\" class=\"aligncenter size-full wp-image-19705\" title=\"160420110428\" src=\"https:\/\/df-nyt.dk\/blog\/wp-content\/uploads\/160420110428.png\" alt=\"\" width=\"368\" height=\"172\" \/><\/a><\/p>\n<p style=\"text-align: left;\">Billedet: Helle Merethe Brix, Asmaa Abdol-Hamid, <span class=\"text_exposed_show\">Ordstyrer Helen Hajaj,<\/span> N\u00e6stformand i Q Freedom Karen West og Sherin Kankan<\/p>\n<p>Desv\u00e6rre, s\u00e5 gik vel kun meget f\u00e5 derfra med en f\u00f8lelse af, at de var blevet meget klogere.<\/p>\n<p>En af efterreaktionerne giver samtidigt en slags referat af hvad der foregik.<\/p>\n<p><a href=\"https:\/\/df-nyt.dk\/blog\/wp-content\/uploads\/160420110411.png\"><img loading=\"lazy\" decoding=\"async\" class=\"aligncenter size-full wp-image-19703\" title=\"160420110411\" src=\"https:\/\/df-nyt.dk\/blog\/wp-content\/uploads\/160420110411.png\" alt=\"\" width=\"496\" height=\"310\" srcset=\"https:\/\/df-nyt.dk\/blog\/wp-content\/uploads\/160420110411.png 496w, https:\/\/df-nyt.dk\/blog\/wp-content\/uploads\/160420110411-400x249.png 400w\" sizes=\"auto, (max-width: 496px) 100vw, 496px\" \/><\/a><\/p>\n<p><strong>Men det er faktisk meget sjovere at l\u00e6se det der gik forud for paneldebatten.<\/strong><\/p>\n<p>Der kan man nemlig finde Q Freedom formanden, Emas Berke &#8211; som foregiver at v\u00e6re lodret uenig <span style=\"text-decoration: underline;\"><strong><a href=\"http:\/\/www.facebook.com\/kenneth.vincent\/posts\/140461739350998\">Kenneth Vincent.<\/a><\/strong><\/span> &#8211; Det kan du se herunder.<\/p>\n<p><strong>Og det er slet ikke s\u00e5 underligt<\/strong> &#8211; den debat er nemlig beregnet til at skulle l\u00e6ses af muslimer.<\/p>\n<p>Sjovt nok-\u00a0 har Q Freedom formanden, Emas Berke, en noget anden mening i debatter med hendes venner fra <span style=\"text-decoration: underline;\"><strong><a href=\"http:\/\/df-nyt.dk\/?p=11605\">Trykkefrihedsselskabets sekment<\/a><\/strong><\/span> &#8211; end den hun giver udtryk for herunder &#8211;<\/p>\n<p><span style=\"text-decoration: underline;\"><strong><a href=\"http:\/\/df-nyt.dk\/?p=19471\">L\u00e6s det HER<\/a><\/strong><\/span><\/p>\n<p>&nbsp;<br \/>\n<a href=\"https:\/\/df-nyt.dk\/blog\/wp-content\/uploads\/160420110422.png\"><img loading=\"lazy\" decoding=\"async\" class=\"aligncenter size-full wp-image-19704\" title=\"160420110422\" src=\"https:\/\/df-nyt.dk\/blog\/wp-content\/uploads\/160420110422.png\" alt=\"\" width=\"449\" height=\"885\" \/><\/a><\/p>\n<p><strong> L\u00e6s ogs\u00e5:<\/strong><\/p>\n<p><a href=\"http:\/\/df-nyt.dk\/?p=15604\"><span style=\"text-decoration: underline;\"><strong>Q Freedom, h\u00f8jrefl\u00f8jens muntre hj\u00f8rne <\/strong><\/span><\/a><\/p>\n<p>&nbsp;<br \/>\n<a href=\"http:\/\/df-nyt.dk\/?p=16029\"><span style=\"text-decoration: underline;\"><strong>Kvindebev\u00e6gelsen Q Freedom og den \u2018skjulte\u2019 dagsorden<\/strong><\/span><\/a><\/p>\n<p>&nbsp;<br \/>\n<a href=\"http:\/\/df-nyt.dk\/?p=17413\"><span style=\"text-decoration: underline;\"><strong>Et studie i afstumpet had, en chokerende anti-muslimsk hade-Video<\/strong><\/span><\/a><\/p>\n<p><strong>************************<\/strong><\/p>\n","protected":false},"excerpt":{"rendered":"<p>Netavisen Jiyan.dk: Mediernes Muslimske Kvinder &#8211; fakta eller myte? Netavisen Jiyan.dk havde arrangeret en paneldebat i anledning af Kvindernes Internationale Kampdag den 6. marts. De skriver i opl\u00e6gget: &#8216;De muslimske kvinder fylder meget i det danske mediebillede. Vi bliver gennem medierne fodret med historier om muslimske kvinders livsstil, livs forhold og de mangeartede krav til [&hellip;]<\/p>\n","protected":false},"author":10,"featured_media":0,"comment_status":"open","ping_status":"closed","sticky":false,"template":"","format":"standard","meta":{"footnotes":""},"categories":[1],"tags":[],"class_list":["post-19702","post","type-post","status-publish","format-standard","hentry","category-df-nyt-dk"],"_links":{"self":[{"href":"https:\/\/df-nyt.dk\/blog\/wp-json\/wp\/v2\/posts\/19702","targetHints":{"allow":["GET"]}}],"collection":[{"href":"https:\/\/df-nyt.dk\/blog\/wp-json\/wp\/v2\/posts"}],"about":[{"href":"https:\/\/df-nyt.dk\/blog\/wp-json\/wp\/v2\/types\/post"}],"author":[{"embeddable":true,"href":"https:\/\/df-nyt.dk\/blog\/wp-json\/wp\/v2\/users\/10"}],"replies":[{"embeddable":true,"href":"https:\/\/df-nyt.dk\/blog\/wp-json\/wp\/v2\/comments?post=19702"}],"version-history":[{"count":0,"href":"https:\/\/df-nyt.dk\/blog\/wp-json\/wp\/v2\/posts\/19702\/revisions"}],"wp:attachment":[{"href":"https:\/\/df-nyt.dk\/blog\/wp-json\/wp\/v2\/media?parent=19702"}],"wp:term":[{"taxonomy":"category","embeddable":true,"href":"https:\/\/df-nyt.dk\/blog\/wp-json\/wp\/v2\/categories?post=19702"},{"taxonomy":"post_tag","embeddable":true,"href":"https:\/\/df-nyt.dk\/blog\/wp-json\/wp\/v2\/tags?post=19702"}],"curies":[{"name":"wp","href":"https:\/\/api.w.org\/{rel}","templated":true}]}}