{"id":19750,"date":"2011-04-16T15:34:40","date_gmt":"2011-04-16T14:34:40","guid":{"rendered":"http:\/\/df-nyt.dk\/?p=19750"},"modified":"2026-01-07T19:47:56","modified_gmt":"2026-01-07T18:47:56","slug":"julie-lader-op-i-nuuk","status":"publish","type":"post","link":"https:\/\/df-nyt.dk\/blog\/julie-lader-op-i-nuuk\/","title":{"rendered":"Julie lader op i Nuuk"},"content":{"rendered":"<p><img loading=\"lazy\" decoding=\"async\" class=\"alignleft  \" src=\"https:\/\/df-nyt.dk\/wp-content\/uploads\/160420111631.png\" alt=\"\" width=\"125\" height=\"143\" \/><br \/>\nSocialdemokraternes folketingsmedlem Julie Rademacher fl\u00f8j fredag til Nuuk for at tilbringe p\u00e5sken i det gr\u00f8nlandske.<\/p>\n<p>Folketingsvalget n\u00e6rmer sig.<br \/>\nMed regeringens pr\u00e6sentation af reformpakke 2020 tirsdag og uenigheden mellem partierne \u2013 er der udsigt til udskrivelse af Folketingsvalget 2011.<\/p>\n<p>Socialdemokraternes folketingsmedlem Julie Rademacher genopstiller ogs\u00e5.<\/p>\n<p>Men f\u00f8rst vil hun lade op til valgkampen i Nuuk.<br \/>\n&#8211; Jeg er i Nuuk, jeg ankom fredag og skal v\u00e6re her hele p\u00e5sken.<\/p>\n<p>Ja, jeg er klar til den kommende folketingsvalg, vi afventer blot Statsministerens udskrivelse af valget, siger Julie Rademacher, der bes\u00f8ger venner og bekendte i Nuuk. Skriver man p\u00e5 Hjemmesiden \/\/sermitsiaq.ag\/<\/p>\n<p>For yderlig l\u00e6sning.<\/p>\n<p><a href=\"https:\/\/df-nyt.dk\/?p=19693\" target=\"_blank\" rel=\"noopener noreferrer\"><span style=\"text-decoration: underline;\">Virksomhedsrettet Aktivering<\/span><\/a><br \/>\n&nbsp;<br \/>\n<img loading=\"lazy\" decoding=\"async\" class=\"size-full alignnone\" title=\"160420111026\" src=\"https:\/\/df-nyt.dk\/\/wp-content\/uploads\/160420111026.png\" alt=\"\" width=\"200\" height=\"146\" \/><br \/>\n&nbsp;<\/p>\n","protected":false},"excerpt":{"rendered":"<p>Socialdemokraternes folketingsmedlem Julie Rademacher fl\u00f8j fredag til Nuuk for at tilbringe p\u00e5sken i det gr\u00f8nlandske. Folketingsvalget n\u00e6rmer sig. Med regeringens pr\u00e6sentation af reformpakke 2020 tirsdag og uenigheden mellem partierne \u2013 er der udsigt til udskrivelse af Folketingsvalget 2011. Socialdemokraternes folketingsmedlem Julie Rademacher genopstiller ogs\u00e5. Men f\u00f8rst vil hun lade op til valgkampen i Nuuk. &#8211; [&hellip;]<\/p>\n","protected":false},"author":10,"featured_media":0,"comment_status":"open","ping_status":"closed","sticky":false,"template":"","format":"standard","meta":{"footnotes":""},"categories":[1],"tags":[],"class_list":["post-19750","post","type-post","status-publish","format-standard","hentry","category-df-nyt-dk"],"_links":{"self":[{"href":"https:\/\/df-nyt.dk\/blog\/wp-json\/wp\/v2\/posts\/19750","targetHints":{"allow":["GET"]}}],"collection":[{"href":"https:\/\/df-nyt.dk\/blog\/wp-json\/wp\/v2\/posts"}],"about":[{"href":"https:\/\/df-nyt.dk\/blog\/wp-json\/wp\/v2\/types\/post"}],"author":[{"embeddable":true,"href":"https:\/\/df-nyt.dk\/blog\/wp-json\/wp\/v2\/users\/10"}],"replies":[{"embeddable":true,"href":"https:\/\/df-nyt.dk\/blog\/wp-json\/wp\/v2\/comments?post=19750"}],"version-history":[{"count":5,"href":"https:\/\/df-nyt.dk\/blog\/wp-json\/wp\/v2\/posts\/19750\/revisions"}],"predecessor-version":[{"id":110932,"href":"https:\/\/df-nyt.dk\/blog\/wp-json\/wp\/v2\/posts\/19750\/revisions\/110932"}],"wp:attachment":[{"href":"https:\/\/df-nyt.dk\/blog\/wp-json\/wp\/v2\/media?parent=19750"}],"wp:term":[{"taxonomy":"category","embeddable":true,"href":"https:\/\/df-nyt.dk\/blog\/wp-json\/wp\/v2\/categories?post=19750"},{"taxonomy":"post_tag","embeddable":true,"href":"https:\/\/df-nyt.dk\/blog\/wp-json\/wp\/v2\/tags?post=19750"}],"curies":[{"name":"wp","href":"https:\/\/api.w.org\/{rel}","templated":true}]}}