{"id":19764,"date":"2011-04-19T12:23:20","date_gmt":"2011-04-19T11:23:20","guid":{"rendered":"http:\/\/df-nyt.dk\/?p=19764"},"modified":"2025-07-14T14:11:36","modified_gmt":"2025-07-14T12:11:36","slug":"fredelige-protester-i-palaestina-har-brug-for-st%c3%b8tte","status":"publish","type":"post","link":"https:\/\/df-nyt.dk\/blog\/fredelige-protester-i-palaestina-har-brug-for-st%c3%b8tte\/","title":{"rendered":"Fredelige protester i Pal\u00e6stina har brug for st\u00f8tte"},"content":{"rendered":"<p><img loading=\"lazy\" decoding=\"async\" class=\"size-full alignleft\" src=\"http:\/\/df-nyt.dk\/\/wp-content\/uploads\/2016\/09\/060920160358.png\" alt=\"\" width=\"303\" height=\"53\" \/>Pal\u00e6stinensernes fredelige modstand ignoreres af det internationale samfund.<\/p>\n<p>Det f\u00e5r alvorlige konsekvenser<br \/>\nHver fredag gennem 6 \u00e5r har fredelige demonstranter samlet sig i den lille landsby Bil\u2019in p\u00e5 Vestbredden. Skriver SF i sin pressemeddelelse<\/p>\n<p>\u2013 og fors\u00e6tter<br \/>\nPal\u00e6stinensere og j\u00f8der har side om side demonstreret mod Muren og mod de ulovlige israelske bos\u00e6ttelser, der har tilranet sig 60% af landsbyens landbrugsjord og dermed byens mulighed for overlevelse.<\/p>\n<p>Til trods for deres fredelige protester bliver demonstranterne m\u00f8dt med t\u00e5regas, gummikugler og arrestationer.<\/p>\n<p>og om natten bliver deres hjem ransaget.<br \/>\nDet samme sker i andre landsbyer i Pal\u00e6stina, men alligevel er det kun de f\u00e5 historier om voldelig modstand, der n\u00e5r frem til internationale medier og politikere.<\/p>\n<p>Pal\u00e6stinensiske unge l\u00e6rer p\u00e5 den m\u00e5de tidligt, at martyrd\u00f8den (som terrorist eller som offer for det israelske milit\u00e6r) er vejen til opm\u00e6rksomhed udenfor den arabiske verden.<\/p>\n<p>N\u00e5r de g\u00f8r fredelig modstand, bliver de derimod overset og glemt.<br \/>\nI denne uge tager Margrete til Bil\u2019in, hvor hun skal deltage i den \u00e5rlige konference om fredelig modstand og i demonstrationen fredag.<\/p>\n<p>Det er lykkes at skabe forandring i Egypten og Tunesien med fredelige protester.<\/p>\n<p>Nu m\u00e5 det v\u00e6re Pal\u00e6stinas tur!<br \/>\nEfter bes\u00f8get i Bil&#8217;in skal Margrete med Parlamentets Pal\u00e6stinadelegation til \u00d8stjerusalem og andre steder p\u00e5 Vestbredden.<\/p>\n<p>F\u00f8lg Margrete p\u00e5 Facebook og l\u00e6s mere om hendes oplevelser.<br \/>\nSkriver EU-SF i sin pressemeddelelse.<br \/>\n\/\/www.bilin-village.org\/english\/&#8221;  L\u00c6S MERE OM KONFERENCEN &#8211; der<br \/>\n&nbsp;<\/p>\n","protected":false},"excerpt":{"rendered":"<p>Pal\u00e6stinensernes fredelige modstand ignoreres af det internationale samfund. Det f\u00e5r alvorlige konsekvenser Hver fredag gennem 6 \u00e5r har fredelige demonstranter samlet sig i den lille landsby Bil\u2019in p\u00e5 Vestbredden. Skriver SF i sin pressemeddelelse \u2013 og fors\u00e6tter Pal\u00e6stinensere og j\u00f8der har side om side demonstreret mod Muren og mod de ulovlige israelske bos\u00e6ttelser, der har [&hellip;]<\/p>\n","protected":false},"author":10,"featured_media":0,"comment_status":"open","ping_status":"closed","sticky":false,"template":"","format":"standard","meta":{"footnotes":""},"categories":[1],"tags":[],"class_list":["post-19764","post","type-post","status-publish","format-standard","hentry","category-df-nyt-dk"],"_links":{"self":[{"href":"https:\/\/df-nyt.dk\/blog\/wp-json\/wp\/v2\/posts\/19764","targetHints":{"allow":["GET"]}}],"collection":[{"href":"https:\/\/df-nyt.dk\/blog\/wp-json\/wp\/v2\/posts"}],"about":[{"href":"https:\/\/df-nyt.dk\/blog\/wp-json\/wp\/v2\/types\/post"}],"author":[{"embeddable":true,"href":"https:\/\/df-nyt.dk\/blog\/wp-json\/wp\/v2\/users\/10"}],"replies":[{"embeddable":true,"href":"https:\/\/df-nyt.dk\/blog\/wp-json\/wp\/v2\/comments?post=19764"}],"version-history":[{"count":2,"href":"https:\/\/df-nyt.dk\/blog\/wp-json\/wp\/v2\/posts\/19764\/revisions"}],"predecessor-version":[{"id":109038,"href":"https:\/\/df-nyt.dk\/blog\/wp-json\/wp\/v2\/posts\/19764\/revisions\/109038"}],"wp:attachment":[{"href":"https:\/\/df-nyt.dk\/blog\/wp-json\/wp\/v2\/media?parent=19764"}],"wp:term":[{"taxonomy":"category","embeddable":true,"href":"https:\/\/df-nyt.dk\/blog\/wp-json\/wp\/v2\/categories?post=19764"},{"taxonomy":"post_tag","embeddable":true,"href":"https:\/\/df-nyt.dk\/blog\/wp-json\/wp\/v2\/tags?post=19764"}],"curies":[{"name":"wp","href":"https:\/\/api.w.org\/{rel}","templated":true}]}}