{"id":19768,"date":"2011-04-19T13:48:07","date_gmt":"2011-04-19T12:48:07","guid":{"rendered":"http:\/\/df-nyt.dk\/?p=19768"},"modified":"2018-02-26T11:50:58","modified_gmt":"2018-02-26T10:50:58","slug":"vand-til-vin-racisme-i-fuld-dagslys","status":"publish","type":"post","link":"https:\/\/df-nyt.dk\/blog\/vand-til-vin-racisme-i-fuld-dagslys\/","title":{"rendered":"Vand til vin &#8211; Racisme i fuld dagslys"},"content":{"rendered":"<p><a href=\"https:\/\/df-nyt.dk\/blog\/wp-content\/uploads\/190420111445.png\"><img loading=\"lazy\" decoding=\"async\" class=\"alignleft size-full wp-image-19769\" title=\"190420111445\" src=\"https:\/\/df-nyt.dk\/blog\/wp-content\/uploads\/190420111445.png\" alt=\"\" width=\"224\" height=\"188\" \/><\/a><\/p>\n<p>Vand til vin \u2013 Racisme i fuld dagslys<\/p>\n<p>&#8211; Jeg har dimlet frem og tilbage om hvorvidt jeg skulle dele nedenst\u00e5ende med jer.<\/p>\n<p>Men den politiske filosof Edmund Burke er kendt for at have skrevet, at &#8220;The only thing necessary for evil to triumph os for good people to do nothing.&#8221;<\/p>\n<p>Om jeg er et godt menneske, ved jeg ikke, men jeg ved, at jeg ikke vil, det onde skal triumfere. &#8211; S\u00e5 her kommer det.<\/p>\n<p>Skriver Anne Thompson p\u00e5 sin Blog <span style=\"text-decoration: underline;\"><strong><a href=\"http:\/\/praestens.blogspot.com\/2011\/04\/racisme-i-fuld-dagslys.html\" target=\"_blank\" rel=\"noopener\">Vand til vin <\/a><\/strong><\/span><\/p>\n<p>Kort fortalt handler historien om racisme-psykopaters udlevet vanvid overfor selv meget sm\u00e5 b\u00f8rn.<\/p>\n<p>Artiklen er bestemt l\u00e6sev\u00e6rdig og glimrende skrevet.<\/p>\n<p>Anne Thompson slutter sin artikel med at fort\u00e6lle, at episoden er beh\u00f8rig anmeldt til politiet og bliver behandlet efter en paragraf om racisme.<\/p>\n<p>Betjenten, Anne talte med, havde aldrig f\u00f8r h\u00f8rt tale om, at sm\u00e5 b\u00f8rn er m\u00e5l for racisme.<\/p>\n<p>Men sp\u00f8rgsm\u00e5let er jo, om det er f\u00f8rste gang det sker, eller om andre bare ikke har anmeldt det.<\/p>\n<p><a href=\"http:\/\/praestens.blogspot.com\/2011\/04\/racisme-i-fuld-dagslys.html\"><span style=\"text-decoration: underline;\"><strong>L\u00e6s mere HER<\/strong><\/span><\/a><\/p>\n<p><strong>L\u00e6s ogs\u00e5: <\/strong><\/p>\n<p><a href=\"http:\/\/df-nyt.dk\/?p=19471\" target=\"_blank\" rel=\"noopener\"><span style=\"text-decoration: underline;\"><strong>Er det iorden at pr\u00e6ster st\u00f8tter ydmygelser af b\u00f8rn?<\/strong><\/span><\/a><\/p>\n<p>&nbsp;<br \/>\n<a href=\"http:\/\/df-nyt.dk\/?p=18879\" target=\"_blank\" rel=\"noopener\"><span style=\"text-decoration: underline;\"><strong>St\u00f8tte til racismen bidrager til mere racisme<\/strong><\/span><\/a><\/p>\n<p><strong>********************<\/strong><\/p>\n","protected":false},"excerpt":{"rendered":"<p>Vand til vin \u2013 Racisme i fuld dagslys &#8211; Jeg har dimlet frem og tilbage om hvorvidt jeg skulle dele nedenst\u00e5ende med jer. Men den politiske filosof Edmund Burke er kendt for at have skrevet, at &#8220;The only thing necessary for evil to triumph os for good people to do nothing.&#8221; Om jeg er et [&hellip;]<\/p>\n","protected":false},"author":10,"featured_media":0,"comment_status":"open","ping_status":"closed","sticky":false,"template":"","format":"standard","meta":{"footnotes":""},"categories":[1],"tags":[],"class_list":["post-19768","post","type-post","status-publish","format-standard","hentry","category-df-nyt-dk"],"_links":{"self":[{"href":"https:\/\/df-nyt.dk\/blog\/wp-json\/wp\/v2\/posts\/19768","targetHints":{"allow":["GET"]}}],"collection":[{"href":"https:\/\/df-nyt.dk\/blog\/wp-json\/wp\/v2\/posts"}],"about":[{"href":"https:\/\/df-nyt.dk\/blog\/wp-json\/wp\/v2\/types\/post"}],"author":[{"embeddable":true,"href":"https:\/\/df-nyt.dk\/blog\/wp-json\/wp\/v2\/users\/10"}],"replies":[{"embeddable":true,"href":"https:\/\/df-nyt.dk\/blog\/wp-json\/wp\/v2\/comments?post=19768"}],"version-history":[{"count":0,"href":"https:\/\/df-nyt.dk\/blog\/wp-json\/wp\/v2\/posts\/19768\/revisions"}],"wp:attachment":[{"href":"https:\/\/df-nyt.dk\/blog\/wp-json\/wp\/v2\/media?parent=19768"}],"wp:term":[{"taxonomy":"category","embeddable":true,"href":"https:\/\/df-nyt.dk\/blog\/wp-json\/wp\/v2\/categories?post=19768"},{"taxonomy":"post_tag","embeddable":true,"href":"https:\/\/df-nyt.dk\/blog\/wp-json\/wp\/v2\/tags?post=19768"}],"curies":[{"name":"wp","href":"https:\/\/api.w.org\/{rel}","templated":true}]}}