{"id":19806,"date":"2011-04-19T21:39:57","date_gmt":"2011-04-19T20:39:57","guid":{"rendered":"http:\/\/df-nyt.dk\/?p=19806"},"modified":"2024-08-29T16:54:13","modified_gmt":"2024-08-29T14:54:13","slug":"stalkeren-og-logneren-jesper-kristensen-kontra-karen-west","status":"publish","type":"post","link":"https:\/\/df-nyt.dk\/blog\/stalkeren-og-logneren-jesper-kristensen-kontra-karen-west\/","title":{"rendered":"&#8216;Stalkeren og L\u00f8gneren&#8217; &#8211; Jesper Kristensen kontra Karen West"},"content":{"rendered":"<p>N\u00e5r virkeligheden overg\u00e5r fantasien<\/p>\n<p>Tilsyneladende har Q-fredom n\u00e6stformanden Karen West en hel stabil modvilje imod, at forklare hvorfor det er muligt at fange hende i den ene usandhed efter den anden.<\/p>\n<p><a href=\"https:\/\/df-nyt.dk\/blog\/wp-content\/uploads\/260120111759.png\"><img loading=\"lazy\" decoding=\"async\" class=\"aligncenter size-full \" title=\"260120111759\" src=\"https:\/\/df-nyt.dk\/blog\/wp-content\/uploads\/260120111759.png\" alt=\"\" width=\"494\" height=\"231\" \/><\/a><\/p>\n<p>Overfor mig forklarede Karen West, at Anne-Marie Buch, kun ganske kortvarigt deltog som Q-fredom bannerholder ved <span style=\"text-decoration: underline;\"><a href=\"http:\/\/www.p77.dk\/politik-a-verden\/danmark\/407-konservativ-toppolitiker-valgte-at-sta-sammen-med-nynazister\">demoen<\/a><\/span> foran den &#8216;<span style=\"text-decoration: underline;\"><a href=\"http:\/\/df-nyt.dk\/?p=15604\">sorte diamant<\/a><\/span>&#8216; &#8211; da &#8216;syngepigerne<strong>&#8216; <a href=\"http:\/\/df-nyt.dk\/?p=19702\">Elmas Berke<\/a>,<\/strong> Karen West, Inger Rosenberg Larsen og <span style=\"text-decoration: underline;\"><a href=\"http:\/\/df-nyt.dk\/?p=16029\">Anne Marie Buch<\/a><\/span> (bannerholder th.) sang nationale sange.<\/p>\n<p>Det var tydeligvis usandt, hvilket <span style=\"text-decoration: underline;\"><a href=\"http:\/\/www.youtube.com\/watch?v=dIMkwrMWXz8\">videoer <\/a><\/span>og billeder fra <span style=\"text-decoration: underline;\"><a href=\"http:\/\/df-nyt.dk\/?p=15438\">demostrationen <\/a><\/span>dokumenterer.<\/p>\n<p>Nu ser vi igen et eksempel, p\u00e5 et Screenshots fra Yildiz Akdogan\u2019s <span style=\"text-decoration: underline;\"><a href=\"http:\/\/www.facebook.com\/YildizAkdogan?sk=wall\">offentlige FaceBook v\u00e6g<\/a><\/span> &#8211; p\u00e5 hvordan man takler beviselige usandheder, fremsat af Karen West.<\/p>\n<p><img loading=\"lazy\" decoding=\"async\" class=\"aligncenter size-full wp-image-19807\" title=\"190420111942\" src=\"https:\/\/df-nyt.dk\/blog\/wp-content\/uploads\/190420111942.png\" alt=\"\" width=\"511\" height=\"811\" srcset=\"https:\/\/df-nyt.dk\/blog\/wp-content\/uploads\/190420111942.png 511w, https:\/\/df-nyt.dk\/blog\/wp-content\/uploads\/190420111942-252x400.png 252w\" sizes=\"auto, (max-width: 511px) 100vw, 511px\" \/><br \/>\nBilledet: Et Screenshots fra Yildiz Akdogan&#8217;s\u00a0<span style=\"text-decoration: underline;\"><a href=\"http:\/\/www.facebook.com\/photo.php?fbid=189377531099974&amp;set=t.660016549&amp;type=1&amp;pid=395457&amp;id=181106225260438#!\/YildizAkdogan?sk=wall\">offentlige FaceBook v\u00e6g<\/a><\/span><br \/>\n<a href=\"https:\/\/df-nyt.dk\/blog\/wp-content\/uploads\/190420112310.png\"><img loading=\"lazy\" decoding=\"async\" class=\"alignleft size-full \" title=\"190420112310\" src=\"https:\/\/df-nyt.dk\/blog\/wp-content\/uploads\/190420112310.png\" alt=\"\" width=\"79\" height=\"134\" \/><\/a><br \/>\n&#8216;Stalker&#8217; &#8211; bliver der n\u00e6rmest skreget efter manden &#8211;<\/p>\n<p>Men hvad med at forholde sig til kritikken?<\/p>\n<p>N\u00e5 NEJ &#8211; &#8220;Jeg, socialdemokrat&#8221; Karen West &#8211;<br \/>\ngider ikke den slags sm\u00e5-peditesser.<\/p>\n<p>&nbsp;<\/p>\n<p>&nbsp;<\/p>\n<p>For yderlig l\u00e6sning.<br \/>\n&nbsp;<br \/>\n<a href=\"http:\/\/df-nyt.dk\/?p=19702\"><span style=\"text-decoration: underline;\">Netavisen Jiyan.dk: Mediernes Muslimske Kvinder \u2013 fakta eller myte?<\/span><\/a><br \/>\n&nbsp;<br \/>\n<a href=\"http:\/\/df-nyt.dk\/?p=15713\"><span style=\"text-decoration: underline;\">Et indblik i demonstrationen mod Hizb ut-Tahrir\u2019s debatm\u00f8de \u2013 21\/1 2011<\/span><\/a><br \/>\n&nbsp;<br \/>\n<a href=\"http:\/\/df-nyt.dk\/?p=18879\"><span style=\"text-decoration: underline;\">St\u00f8tte til racismen bidrager til mere racisme<\/span><\/a><br \/>\n&nbsp;<br \/>\n<a href=\"http:\/\/df-nyt.dk\/?p=15654\"><span style=\"text-decoration: underline;\">Girls Just Want To have Fun in Q Freedom<\/span><\/a><\/p>\n","protected":false},"excerpt":{"rendered":"<p>N\u00e5r virkeligheden overg\u00e5r fantasien Tilsyneladende har Q-fredom n\u00e6stformanden Karen West en hel stabil modvilje imod, at forklare hvorfor det er muligt at fange hende i den ene usandhed efter den anden. Overfor mig forklarede Karen West, at Anne-Marie Buch, kun ganske kortvarigt deltog som Q-fredom bannerholder ved demoen foran den &#8216;sorte diamant&#8216; &#8211; da &#8216;syngepigerne&#8216; [&hellip;]<\/p>\n","protected":false},"author":10,"featured_media":0,"comment_status":"open","ping_status":"closed","sticky":false,"template":"","format":"standard","meta":{"footnotes":""},"categories":[1],"tags":[],"class_list":["post-19806","post","type-post","status-publish","format-standard","hentry","category-df-nyt-dk"],"_links":{"self":[{"href":"https:\/\/df-nyt.dk\/blog\/wp-json\/wp\/v2\/posts\/19806","targetHints":{"allow":["GET"]}}],"collection":[{"href":"https:\/\/df-nyt.dk\/blog\/wp-json\/wp\/v2\/posts"}],"about":[{"href":"https:\/\/df-nyt.dk\/blog\/wp-json\/wp\/v2\/types\/post"}],"author":[{"embeddable":true,"href":"https:\/\/df-nyt.dk\/blog\/wp-json\/wp\/v2\/users\/10"}],"replies":[{"embeddable":true,"href":"https:\/\/df-nyt.dk\/blog\/wp-json\/wp\/v2\/comments?post=19806"}],"version-history":[{"count":6,"href":"https:\/\/df-nyt.dk\/blog\/wp-json\/wp\/v2\/posts\/19806\/revisions"}],"predecessor-version":[{"id":104277,"href":"https:\/\/df-nyt.dk\/blog\/wp-json\/wp\/v2\/posts\/19806\/revisions\/104277"}],"wp:attachment":[{"href":"https:\/\/df-nyt.dk\/blog\/wp-json\/wp\/v2\/media?parent=19806"}],"wp:term":[{"taxonomy":"category","embeddable":true,"href":"https:\/\/df-nyt.dk\/blog\/wp-json\/wp\/v2\/categories?post=19806"},{"taxonomy":"post_tag","embeddable":true,"href":"https:\/\/df-nyt.dk\/blog\/wp-json\/wp\/v2\/tags?post=19806"}],"curies":[{"name":"wp","href":"https:\/\/api.w.org\/{rel}","templated":true}]}}