{"id":19919,"date":"2011-04-22T07:48:11","date_gmt":"2011-04-22T06:48:11","guid":{"rendered":"http:\/\/df-nyt.dk\/?p=19919"},"modified":"2024-11-02T22:49:59","modified_gmt":"2024-11-02T21:49:59","slug":"naermest-lykkelig-med-s%c3%b8ren-peter","status":"publish","type":"post","link":"https:\/\/df-nyt.dk\/blog\/naermest-lykkelig-med-s%c3%b8ren-peter\/","title":{"rendered":"&#8216;N\u00e6rmest lyk&#8217; li&#8217; med S\u00f8ren Pind &#038; Peter Skaarup&#8217;"},"content":{"rendered":"<p>N\u00e6rmest lyk\u2019 li\u2019 med S\u00f8ren Pind &#038; Peter Skaarup<br \/>\nVi er mange som har fuldt duroens str\u00e6ben<\/p>\n<p>Dansk Folkeparti, Peter Skaarup, er klar, den 10 marts med en lang r\u00e6kke krav til den nyk\u00e5rede integrationsminister S\u00f8ren Pind.<\/p>\n<p><img loading=\"lazy\" decoding=\"async\" class=\" alignnone\" title=\"220420110835\" src=\"https:\/\/df-nyt.dk\/\/wp-content\/uploads\/220420110835.png\" alt=\"\" width=\"273\" height=\"156\" \/><\/p>\n<p>S\u00f8ren Pinds (V) snak om assimilation og kulturkamp er ikke nok.<br \/>\nMed en l\u00e6ngere \u00f8nskeliste opfordrer Dansk Folkeparti nu den nyk\u00e5rede integrationsminister til at s\u00e6tte handling bag ordene, skriver Dagbladet Information.dk<\/p>\n<p>Den 21 april 2011. kan man l\u00e6se p\u00e5, Ekstrabladet.dk<\/p>\n<p><img loading=\"lazy\" decoding=\"async\" class=\"  alignnone\" title=\"220420110831\" src=\"https:\/\/df-nyt.dk\/\/wp-content\/uploads\/220420110831.png\" alt=\"\" width=\"214\" height=\"223\" \/><\/p>\n<p>\u2013 Da jeg ville til speciall\u00e6ge med Ahmad, fik jeg at vide, at det var for dyrt.<br \/>\nSom flygtning havde jeg jo ingen sygesikring, der kunne betale.<br \/>\nI stedet blev jeg sendt i Matas for at k\u00f8be forskellige cremer.<br \/>\nMen det hjalp ikke.<br \/>\nTv\u00e6rtimod blev det v\u00e6rre og v\u00e6rre, fort\u00e6ller Hind Shkani via tolk til, Ekstra Bladet.dk<\/p>\n<p>Reference<br \/>\n\/\/Information.dk<br \/>\n\/\/ekstrabladet.dk \/nyheder\/samfund\/article1541592 .ece<br \/>\n\/\/nordvestnyt.dk \/artikel\/107370:Indland&#8211;DF-afleverer-oenskeliste-til-Soeren-Pind<\/p>\n<p>For yderlig l\u00e6sning.<\/p>\n<p><a href=\"https:\/\/df-nyt.dk\/?p=19848\"><span style=\"text-decoration: underline;\">\u2018Menneskehadernes\u2019 store dag<\/span><\/a><br \/>\n&nbsp;<\/p>\n","protected":false},"excerpt":{"rendered":"<p>N\u00e6rmest lyk\u2019 li\u2019 med S\u00f8ren Pind &#038; Peter Skaarup Vi er mange som har fuldt duroens str\u00e6ben Dansk Folkeparti, Peter Skaarup, er klar, den 10 marts med en lang r\u00e6kke krav til den nyk\u00e5rede integrationsminister S\u00f8ren Pind. S\u00f8ren Pinds (V) snak om assimilation og kulturkamp er ikke nok. Med en l\u00e6ngere \u00f8nskeliste opfordrer Dansk Folkeparti [&hellip;]<\/p>\n","protected":false},"author":10,"featured_media":0,"comment_status":"open","ping_status":"closed","sticky":false,"template":"","format":"standard","meta":{"footnotes":""},"categories":[1],"tags":[],"class_list":["post-19919","post","type-post","status-publish","format-standard","hentry","category-df-nyt-dk"],"_links":{"self":[{"href":"https:\/\/df-nyt.dk\/blog\/wp-json\/wp\/v2\/posts\/19919","targetHints":{"allow":["GET"]}}],"collection":[{"href":"https:\/\/df-nyt.dk\/blog\/wp-json\/wp\/v2\/posts"}],"about":[{"href":"https:\/\/df-nyt.dk\/blog\/wp-json\/wp\/v2\/types\/post"}],"author":[{"embeddable":true,"href":"https:\/\/df-nyt.dk\/blog\/wp-json\/wp\/v2\/users\/10"}],"replies":[{"embeddable":true,"href":"https:\/\/df-nyt.dk\/blog\/wp-json\/wp\/v2\/comments?post=19919"}],"version-history":[{"count":1,"href":"https:\/\/df-nyt.dk\/blog\/wp-json\/wp\/v2\/posts\/19919\/revisions"}],"predecessor-version":[{"id":106413,"href":"https:\/\/df-nyt.dk\/blog\/wp-json\/wp\/v2\/posts\/19919\/revisions\/106413"}],"wp:attachment":[{"href":"https:\/\/df-nyt.dk\/blog\/wp-json\/wp\/v2\/media?parent=19919"}],"wp:term":[{"taxonomy":"category","embeddable":true,"href":"https:\/\/df-nyt.dk\/blog\/wp-json\/wp\/v2\/categories?post=19919"},{"taxonomy":"post_tag","embeddable":true,"href":"https:\/\/df-nyt.dk\/blog\/wp-json\/wp\/v2\/tags?post=19919"}],"curies":[{"name":"wp","href":"https:\/\/api.w.org\/{rel}","templated":true}]}}